{"id":655,"date":"2026-02-24T13:44:17","date_gmt":"2026-02-24T16:44:17","guid":{"rendered":"https:\/\/stradamob.com\/home\/?p=655"},"modified":"2026-02-24T13:44:30","modified_gmt":"2026-02-24T16:44:30","slug":"fretamento-continuo-em-2026tendencias-tecnologia-e-gestaointeligente-de-transporte-corporativo","status":"publish","type":"post","link":"https:\/\/stradamob.com\/home\/fretamento-continuo-em-2026tendencias-tecnologia-e-gestaointeligente-de-transporte-corporativo\/","title":{"rendered":"Fretamento Cont\u00ednuo em 2026:Tend\u00eancias, Tecnologia e Gest\u00e3o Inteligente de Transporte Corporativo"},"content":{"rendered":"\n<p class=\"wp-block-paragraph\">O transporte corporativo deixou de ser apenas uma solu\u00e7\u00e3o log\u00edstica para se tornar parte estrat\u00e9gica da gest\u00e3o empresarial. Em 2026, o fretamento cont\u00ednuo consolida-se como uma ferramenta de efici\u00eancia operacional, sustentabilidade e intelig\u00eancia de dados pilares fundamentais para empresas que buscam competitividade em um cen\u00e1rio cada vez mais din\u00e2mico.<br><br>Mais do que deslocar colaboradores entre casa e trabalho, o modelo evoluiu. Hoje, ele integra tecnologia, governan\u00e7a e planejamento estrat\u00e9gico. A transforma\u00e7\u00e3o digital impactou diretamente o fretamento cont\u00ednuo. Sistemas de rastreamento em tempo real, monitoramento de desempenho da frota e an\u00e1lise de rotas com base em dados tornaram-se diferenciais importantes.<br>Empresas j\u00e1 utilizam:<br><br>Monitoramento por GPS com acompanhamento em tempo real;<\/p>\n\n\n\n<p class=\"wp-block-paragraph\">Indicadores de desempenho (KPIs) para medir pontualidade, ocupa\u00e7\u00e3o e<br>efici\u00eancia.<\/p>\n\n\n\n<p class=\"wp-block-paragraph\">Aplicativos para controle de presen\u00e7a e comunica\u00e7\u00e3o com colaboradores;<\/p>\n\n\n\n<p class=\"wp-block-paragraph\">Sistemas inteligentes de roteiriza\u00e7\u00e3o, que reduzem tempo de deslocamento e<br>custos operacionais;<\/p>\n\n\n\n<p class=\"wp-block-paragraph\">O resultado \u00e9 uma gest\u00e3o mais precisa e decis\u00f5es baseadas em dados concretos n\u00e3o<br>apenas em estimativas. A grande tend\u00eancia de 2026 \u00e9 a gest\u00e3o orientada por dados. Informa\u00e7\u00f5es sobre fluxo,<br>hor\u00e1rios de pico, \u00edndice de ocupa\u00e7\u00e3o e padr\u00f5es de deslocamento permitem ajustes estrat\u00e9gicos cont\u00ednuos.<br>Essa intelig\u00eancia aplicada possibilita:<\/p>\n\n\n\n<div class=\"wp-block-columns is-layout-flex wp-container-core-columns-is-layout-7387b849 wp-block-columns-is-layout-flex\">\n<div class=\"wp-block-column is-layout-flow wp-block-column-is-layout-flow\" style=\"flex-basis:100%\">\n<div class=\"wp-block-columns is-layout-flex wp-container-core-columns-is-layout-7387b849 wp-block-columns-is-layout-flex\">\n<div class=\"wp-block-column is-layout-flow wp-block-column-is-layout-flow\" style=\"flex-basis:100%\">\n<figure class=\"wp-block-image alignfull size-large is-style-default\"><img fetchpriority=\"high\" decoding=\"async\" width=\"796\" height=\"1024\" src=\"https:\/\/stradamob.com\/home\/wp-content\/uploads\/2026\/02\/Gemini_Generated_Image_t0s23bt0s23bt0s2-796x1024.png\" alt=\"\" class=\"wp-image-656\" srcset=\"https:\/\/stradamob.com\/home\/wp-content\/uploads\/2026\/02\/Gemini_Generated_Image_t0s23bt0s23bt0s2-796x1024.png 796w, https:\/\/stradamob.com\/home\/wp-content\/uploads\/2026\/02\/Gemini_Generated_Image_t0s23bt0s23bt0s2-233x300.png 233w, https:\/\/stradamob.com\/home\/wp-content\/uploads\/2026\/02\/Gemini_Generated_Image_t0s23bt0s23bt0s2-768x987.png 768w, https:\/\/stradamob.com\/home\/wp-content\/uploads\/2026\/02\/Gemini_Generated_Image_t0s23bt0s23bt0s2.png 896w\" sizes=\"(max-width: 796px) 100vw, 796px\" \/><\/figure>\n<\/div>\n<\/div>\n<\/div>\n<\/div>\n\n\n\n<ul class=\"wp-block-list\">\n<li>Redu\u00e7\u00e3o de rotas ociosas;<\/li>\n\n\n\n<li>Melhor aproveitamento da frota;<\/li>\n\n\n\n<li>Planejamento preventivo de manuten\u00e7\u00e3o;<\/li>\n\n\n\n<li>Redu\u00e7\u00e3o de custos operacionais a m\u00e9dio e longo prazo.<\/li>\n<\/ul>\n\n\n\n<p class=\"wp-block-paragraph\">Empresas que adotam esse modelo deixam de tratar o transporte como despesa fixa e passam a enxerg\u00e1-lo como investimento estrat\u00e9gico. Outro ponto central \u00e9 a experi\u00eancia do usu\u00e1rio. Seguran\u00e7a e conforto tornaram-se prioridades na reten\u00e7\u00e3o de talentos e no fortalecimento da cultura organizacional.<\/p>\n\n\n\n<p class=\"wp-block-paragraph\">O fretamento cont\u00ednuo moderno oferece:<\/p>\n\n\n\n<ul class=\"wp-block-list\">\n<li>Ve\u00edculos com manuten\u00e7\u00e3o rigorosa e tecnologia embarcada;<\/li>\n\n\n\n<li>Monitoramento de condu\u00e7\u00e3o;<\/li>\n\n\n\n<li>Comunica\u00e7\u00e3o direta com a central de opera\u00e7\u00f5es;<\/li>\n\n\n\n<li>Planejamento de rotas que reduz tempo de deslocamento.<\/li>\n<\/ul>\n\n\n\n<p class=\"wp-block-paragraph\">O impacto \u00e9 direto na produtividade. Colaboradores que chegam com mais tranquilidade e previsibilidade tendem a apresentar melhor desempenho e menor \u00edndice de absente\u00edsmo. A pauta ambiental tamb\u00e9m impulsiona o crescimento do setor. A redu\u00e7\u00e3o do n\u00famero de ve\u00edculos individuais nas ruas contribui para a diminui\u00e7\u00e3o da emiss\u00e3o de CO\u2082 e para a melhoria da mobilidade urbana.<br><br>Empresas alinhadas \u00e0s diretrizes de ESG enxergam no fretamento cont\u00ednuo uma forma concreta de refor\u00e7ar seu compromisso com responsabilidade ambiental e social, fortalecendo sua reputa\u00e7\u00e3o no mercado.<br>Diante desse cen\u00e1rio de evolu\u00e7\u00e3o, empresas precisam avaliar alguns pontos estrat\u00e9gicos:<\/p>\n\n\n\n<ul class=\"wp-block-list\">\n<li>Uso de tecnologia e transpar\u00eancia na gest\u00e3o;<\/li>\n\n\n\n<li>Indicadores de desempenho e relat\u00f3rios peri\u00f3dicos;<\/li>\n\n\n\n<li>Hist\u00f3rico de seguran\u00e7a e manuten\u00e7\u00e3o da frota;<\/li>\n\n\n\n<li>Capacidade de personaliza\u00e7\u00e3o das rotas;<\/li>\n\n\n\n<li>Compromisso com sustentabilidade.<\/li>\n<\/ul>\n\n\n\n<p class=\"wp-block-paragraph\">O futuro do transporte corporativo j\u00e1 come\u00e7ou. Em 2026, o fretamento cont\u00ednuo \u00e9 sin\u00f4nimo de efici\u00eancia, inova\u00e7\u00e3o e estrat\u00e9gia. Mais do que um deslocamento di\u00e1rio, trata-se de uma solu\u00e7\u00e3o integrada que conecta pessoas, tecnologia e resultados. E a pergunta que fica \u00e9: sua empresa est\u00e1 apenas transportando colaboradores ou est\u00e1 investindo em mobilidade inteligente?<\/p>\n\n\n\n<p class=\"wp-block-paragraph\"><\/p>\n","protected":false},"excerpt":{"rendered":"<p>O transporte corporativo deixou de ser apenas uma solu\u00e7\u00e3o log\u00edstica para se tornar parte estrat\u00e9gica da gest\u00e3o empresarial. Em 2026, o fretamento cont\u00ednuo consolida-se como uma ferramenta de efici\u00eancia operacional, sustentabilidade e intelig\u00eancia de dados pilares fundamentais para empresas que buscam competitividade em um cen\u00e1rio cada vez mais din\u00e2mico. Mais do que deslocar colaboradores entre [&hellip;]<\/p>\n","protected":false},"author":2,"featured_media":662,"comment_status":"closed","ping_status":"closed","sticky":false,"template":"","format":"standard","meta":{"footnotes":""},"categories":[1],"tags":[],"class_list":["post-655","post","type-post","status-publish","format-standard","has-post-thumbnail","hentry","category-sem-categoria"],"acf":[],"yoast_head":"<!-- This site is optimized with the Yoast SEO plugin v27.3 - https:\/\/yoast.com\/product\/yoast-seo-wordpress\/ -->\n<title>Fretamento Cont\u00ednuo em 2026:Tend\u00eancias, Tecnologia e Gest\u00e3o Inteligente de Transporte Corporativo - Strada Mob<\/title>\n<meta name=\"robots\" content=\"index, follow, max-snippet:-1, max-image-preview:large, max-video-preview:-1\" \/>\n<link rel=\"canonical\" href=\"https:\/\/stradamob.com\/home\/fretamento-continuo-em-2026tendencias-tecnologia-e-gestaointeligente-de-transporte-corporativo\/\" \/>\n<meta property=\"og:locale\" content=\"pt_BR\" \/>\n<meta property=\"og:type\" content=\"article\" \/>\n<meta property=\"og:title\" content=\"Fretamento Cont\u00ednuo em 2026:Tend\u00eancias, Tecnologia e Gest\u00e3o Inteligente de Transporte Corporativo - Strada Mob\" \/>\n<meta property=\"og:description\" content=\"O transporte corporativo deixou de ser apenas uma solu\u00e7\u00e3o log\u00edstica para se tornar parte estrat\u00e9gica da gest\u00e3o empresarial. Em 2026, o fretamento cont\u00ednuo consolida-se como uma ferramenta de efici\u00eancia operacional, sustentabilidade e intelig\u00eancia de dados pilares fundamentais para empresas que buscam competitividade em um cen\u00e1rio cada vez mais din\u00e2mico. Mais do que deslocar colaboradores entre [&hellip;]\" \/>\n<meta property=\"og:url\" content=\"https:\/\/stradamob.com\/home\/fretamento-continuo-em-2026tendencias-tecnologia-e-gestaointeligente-de-transporte-corporativo\/\" \/>\n<meta property=\"og:site_name\" content=\"Strada Mob\" \/>\n<meta property=\"article:published_time\" content=\"2026-02-24T16:44:17+00:00\" \/>\n<meta property=\"article:modified_time\" content=\"2026-02-24T16:44:30+00:00\" \/>\n<meta property=\"og:image\" content=\"https:\/\/stradamob.com\/home\/wp-content\/uploads\/2026\/02\/Gemini_Generated_Image_hbntsyhbntsyhbnt.png\" \/>\n\t<meta property=\"og:image:width\" content=\"1024\" \/>\n\t<meta property=\"og:image:height\" content=\"1024\" \/>\n\t<meta property=\"og:image:type\" content=\"image\/png\" \/>\n<meta name=\"author\" content=\"stradamob\" \/>\n<meta name=\"twitter:card\" content=\"summary_large_image\" \/>\n<meta name=\"twitter:label1\" content=\"Escrito por\" \/>\n\t<meta name=\"twitter:data1\" content=\"stradamob\" \/>\n\t<meta name=\"twitter:label2\" content=\"Est. tempo de leitura\" \/>\n\t<meta name=\"twitter:data2\" content=\"3 minutos\" \/>\n<script type=\"application\/ld+json\" class=\"yoast-schema-graph\">{\"@context\":\"https:\\\/\\\/schema.org\",\"@graph\":[{\"@type\":\"Article\",\"@id\":\"https:\\\/\\\/stradamob.com\\\/home\\\/fretamento-continuo-em-2026tendencias-tecnologia-e-gestaointeligente-de-transporte-corporativo\\\/#article\",\"isPartOf\":{\"@id\":\"https:\\\/\\\/stradamob.com\\\/home\\\/fretamento-continuo-em-2026tendencias-tecnologia-e-gestaointeligente-de-transporte-corporativo\\\/\"},\"author\":{\"name\":\"stradamob\",\"@id\":\"https:\\\/\\\/stradamob.com\\\/home\\\/#\\\/schema\\\/person\\\/9e1b208ad20eac4aced2dbc5db6c95fe\"},\"headline\":\"Fretamento Cont\u00ednuo em 2026:Tend\u00eancias, Tecnologia e Gest\u00e3o Inteligente de Transporte Corporativo\",\"datePublished\":\"2026-02-24T16:44:17+00:00\",\"dateModified\":\"2026-02-24T16:44:30+00:00\",\"mainEntityOfPage\":{\"@id\":\"https:\\\/\\\/stradamob.com\\\/home\\\/fretamento-continuo-em-2026tendencias-tecnologia-e-gestaointeligente-de-transporte-corporativo\\\/\"},\"wordCount\":539,\"publisher\":{\"@id\":\"https:\\\/\\\/stradamob.com\\\/home\\\/#organization\"},\"image\":{\"@id\":\"https:\\\/\\\/stradamob.com\\\/home\\\/fretamento-continuo-em-2026tendencias-tecnologia-e-gestaointeligente-de-transporte-corporativo\\\/#primaryimage\"},\"thumbnailUrl\":\"https:\\\/\\\/stradamob.com\\\/home\\\/wp-content\\\/uploads\\\/2026\\\/02\\\/Gemini_Generated_Image_hbntsyhbntsyhbnt.png\",\"inLanguage\":\"pt-BR\"},{\"@type\":\"WebPage\",\"@id\":\"https:\\\/\\\/stradamob.com\\\/home\\\/fretamento-continuo-em-2026tendencias-tecnologia-e-gestaointeligente-de-transporte-corporativo\\\/\",\"url\":\"https:\\\/\\\/stradamob.com\\\/home\\\/fretamento-continuo-em-2026tendencias-tecnologia-e-gestaointeligente-de-transporte-corporativo\\\/\",\"name\":\"Fretamento Cont\u00ednuo em 2026:Tend\u00eancias, Tecnologia e Gest\u00e3o Inteligente de Transporte Corporativo - Strada Mob\",\"isPartOf\":{\"@id\":\"https:\\\/\\\/stradamob.com\\\/home\\\/#website\"},\"primaryImageOfPage\":{\"@id\":\"https:\\\/\\\/stradamob.com\\\/home\\\/fretamento-continuo-em-2026tendencias-tecnologia-e-gestaointeligente-de-transporte-corporativo\\\/#primaryimage\"},\"image\":{\"@id\":\"https:\\\/\\\/stradamob.com\\\/home\\\/fretamento-continuo-em-2026tendencias-tecnologia-e-gestaointeligente-de-transporte-corporativo\\\/#primaryimage\"},\"thumbnailUrl\":\"https:\\\/\\\/stradamob.com\\\/home\\\/wp-content\\\/uploads\\\/2026\\\/02\\\/Gemini_Generated_Image_hbntsyhbntsyhbnt.png\",\"datePublished\":\"2026-02-24T16:44:17+00:00\",\"dateModified\":\"2026-02-24T16:44:30+00:00\",\"breadcrumb\":{\"@id\":\"https:\\\/\\\/stradamob.com\\\/home\\\/fretamento-continuo-em-2026tendencias-tecnologia-e-gestaointeligente-de-transporte-corporativo\\\/#breadcrumb\"},\"inLanguage\":\"pt-BR\",\"potentialAction\":[{\"@type\":\"ReadAction\",\"target\":[\"https:\\\/\\\/stradamob.com\\\/home\\\/fretamento-continuo-em-2026tendencias-tecnologia-e-gestaointeligente-de-transporte-corporativo\\\/\"]}]},{\"@type\":\"ImageObject\",\"inLanguage\":\"pt-BR\",\"@id\":\"https:\\\/\\\/stradamob.com\\\/home\\\/fretamento-continuo-em-2026tendencias-tecnologia-e-gestaointeligente-de-transporte-corporativo\\\/#primaryimage\",\"url\":\"https:\\\/\\\/stradamob.com\\\/home\\\/wp-content\\\/uploads\\\/2026\\\/02\\\/Gemini_Generated_Image_hbntsyhbntsyhbnt.png\",\"contentUrl\":\"https:\\\/\\\/stradamob.com\\\/home\\\/wp-content\\\/uploads\\\/2026\\\/02\\\/Gemini_Generated_Image_hbntsyhbntsyhbnt.png\",\"width\":1024,\"height\":1024},{\"@type\":\"BreadcrumbList\",\"@id\":\"https:\\\/\\\/stradamob.com\\\/home\\\/fretamento-continuo-em-2026tendencias-tecnologia-e-gestaointeligente-de-transporte-corporativo\\\/#breadcrumb\",\"itemListElement\":[{\"@type\":\"ListItem\",\"position\":1,\"name\":\"In\u00edcio\",\"item\":\"https:\\\/\\\/stradamob.com\\\/home\\\/\"},{\"@type\":\"ListItem\",\"position\":2,\"name\":\"Fretamento Cont\u00ednuo em 2026:Tend\u00eancias, Tecnologia e Gest\u00e3o Inteligente de Transporte Corporativo\"}]},{\"@type\":\"WebSite\",\"@id\":\"https:\\\/\\\/stradamob.com\\\/home\\\/#website\",\"url\":\"https:\\\/\\\/stradamob.com\\\/home\\\/\",\"name\":\"Strada Mod\",\"description\":\"Solu\u00e7\u00f5es em transporte.\",\"publisher\":{\"@id\":\"https:\\\/\\\/stradamob.com\\\/home\\\/#organization\"},\"potentialAction\":[{\"@type\":\"SearchAction\",\"target\":{\"@type\":\"EntryPoint\",\"urlTemplate\":\"https:\\\/\\\/stradamob.com\\\/home\\\/?s={search_term_string}\"},\"query-input\":{\"@type\":\"PropertyValueSpecification\",\"valueRequired\":true,\"valueName\":\"search_term_string\"}}],\"inLanguage\":\"pt-BR\"},{\"@type\":\"Organization\",\"@id\":\"https:\\\/\\\/stradamob.com\\\/home\\\/#organization\",\"name\":\"Strada Mod\",\"url\":\"https:\\\/\\\/stradamob.com\\\/home\\\/\",\"logo\":{\"@type\":\"ImageObject\",\"inLanguage\":\"pt-BR\",\"@id\":\"https:\\\/\\\/stradamob.com\\\/home\\\/#\\\/schema\\\/logo\\\/image\\\/\",\"url\":\"https:\\\/\\\/stradamob.com\\\/home\\\/wp-content\\\/uploads\\\/2025\\\/08\\\/android-chrome-512x512-1.png\",\"contentUrl\":\"https:\\\/\\\/stradamob.com\\\/home\\\/wp-content\\\/uploads\\\/2025\\\/08\\\/android-chrome-512x512-1.png\",\"width\":512,\"height\":512,\"caption\":\"Strada Mod\"},\"image\":{\"@id\":\"https:\\\/\\\/stradamob.com\\\/home\\\/#\\\/schema\\\/logo\\\/image\\\/\"}},{\"@type\":\"Person\",\"@id\":\"https:\\\/\\\/stradamob.com\\\/home\\\/#\\\/schema\\\/person\\\/9e1b208ad20eac4aced2dbc5db6c95fe\",\"name\":\"stradamob\",\"image\":{\"@type\":\"ImageObject\",\"inLanguage\":\"pt-BR\",\"@id\":\"https:\\\/\\\/stradamob.com\\\/home\\\/wp-content\\\/litespeed\\\/avatar\\\/5fad99d439f90edc1eb2042219ccc819.jpg?ver=1787844632\",\"url\":\"https:\\\/\\\/stradamob.com\\\/home\\\/wp-content\\\/litespeed\\\/avatar\\\/5fad99d439f90edc1eb2042219ccc819.jpg?ver=1787844632\",\"contentUrl\":\"https:\\\/\\\/stradamob.com\\\/home\\\/wp-content\\\/litespeed\\\/avatar\\\/5fad99d439f90edc1eb2042219ccc819.jpg?ver=1787844632\",\"caption\":\"stradamob\"},\"url\":\"https:\\\/\\\/stradamob.com\\\/home\\\/author\\\/stradamob\\\/\"}]}<\/script>\n<!-- \/ Yoast SEO plugin. -->","yoast_head_json":{"title":"Fretamento Cont\u00ednuo em 2026:Tend\u00eancias, Tecnologia e Gest\u00e3o Inteligente de Transporte Corporativo - Strada Mob","robots":{"index":"index","follow":"follow","max-snippet":"max-snippet:-1","max-image-preview":"max-image-preview:large","max-video-preview":"max-video-preview:-1"},"canonical":"https:\/\/stradamob.com\/home\/fretamento-continuo-em-2026tendencias-tecnologia-e-gestaointeligente-de-transporte-corporativo\/","og_locale":"pt_BR","og_type":"article","og_title":"Fretamento Cont\u00ednuo em 2026:Tend\u00eancias, Tecnologia e Gest\u00e3o Inteligente de Transporte Corporativo - Strada Mob","og_description":"O transporte corporativo deixou de ser apenas uma solu\u00e7\u00e3o log\u00edstica para se tornar parte estrat\u00e9gica da gest\u00e3o empresarial. Em 2026, o fretamento cont\u00ednuo consolida-se como uma ferramenta de efici\u00eancia operacional, sustentabilidade e intelig\u00eancia de dados pilares fundamentais para empresas que buscam competitividade em um cen\u00e1rio cada vez mais din\u00e2mico. Mais do que deslocar colaboradores entre [&hellip;]","og_url":"https:\/\/stradamob.com\/home\/fretamento-continuo-em-2026tendencias-tecnologia-e-gestaointeligente-de-transporte-corporativo\/","og_site_name":"Strada Mob","article_published_time":"2026-02-24T16:44:17+00:00","article_modified_time":"2026-02-24T16:44:30+00:00","og_image":[{"width":1024,"height":1024,"url":"https:\/\/stradamob.com\/home\/wp-content\/uploads\/2026\/02\/Gemini_Generated_Image_hbntsyhbntsyhbnt.png","type":"image\/png"}],"author":"stradamob","twitter_card":"summary_large_image","twitter_misc":{"Escrito por":"stradamob","Est. tempo de leitura":"3 minutos"},"schema":{"@context":"https:\/\/schema.org","@graph":[{"@type":"Article","@id":"https:\/\/stradamob.com\/home\/fretamento-continuo-em-2026tendencias-tecnologia-e-gestaointeligente-de-transporte-corporativo\/#article","isPartOf":{"@id":"https:\/\/stradamob.com\/home\/fretamento-continuo-em-2026tendencias-tecnologia-e-gestaointeligente-de-transporte-corporativo\/"},"author":{"name":"stradamob","@id":"https:\/\/stradamob.com\/home\/#\/schema\/person\/9e1b208ad20eac4aced2dbc5db6c95fe"},"headline":"Fretamento Cont\u00ednuo em 2026:Tend\u00eancias, Tecnologia e Gest\u00e3o Inteligente de Transporte Corporativo","datePublished":"2026-02-24T16:44:17+00:00","dateModified":"2026-02-24T16:44:30+00:00","mainEntityOfPage":{"@id":"https:\/\/stradamob.com\/home\/fretamento-continuo-em-2026tendencias-tecnologia-e-gestaointeligente-de-transporte-corporativo\/"},"wordCount":539,"publisher":{"@id":"https:\/\/stradamob.com\/home\/#organization"},"image":{"@id":"https:\/\/stradamob.com\/home\/fretamento-continuo-em-2026tendencias-tecnologia-e-gestaointeligente-de-transporte-corporativo\/#primaryimage"},"thumbnailUrl":"https:\/\/stradamob.com\/home\/wp-content\/uploads\/2026\/02\/Gemini_Generated_Image_hbntsyhbntsyhbnt.png","inLanguage":"pt-BR"},{"@type":"WebPage","@id":"https:\/\/stradamob.com\/home\/fretamento-continuo-em-2026tendencias-tecnologia-e-gestaointeligente-de-transporte-corporativo\/","url":"https:\/\/stradamob.com\/home\/fretamento-continuo-em-2026tendencias-tecnologia-e-gestaointeligente-de-transporte-corporativo\/","name":"Fretamento Cont\u00ednuo em 2026:Tend\u00eancias, Tecnologia e Gest\u00e3o Inteligente de Transporte Corporativo - Strada Mob","isPartOf":{"@id":"https:\/\/stradamob.com\/home\/#website"},"primaryImageOfPage":{"@id":"https:\/\/stradamob.com\/home\/fretamento-continuo-em-2026tendencias-tecnologia-e-gestaointeligente-de-transporte-corporativo\/#primaryimage"},"image":{"@id":"https:\/\/stradamob.com\/home\/fretamento-continuo-em-2026tendencias-tecnologia-e-gestaointeligente-de-transporte-corporativo\/#primaryimage"},"thumbnailUrl":"https:\/\/stradamob.com\/home\/wp-content\/uploads\/2026\/02\/Gemini_Generated_Image_hbntsyhbntsyhbnt.png","datePublished":"2026-02-24T16:44:17+00:00","dateModified":"2026-02-24T16:44:30+00:00","breadcrumb":{"@id":"https:\/\/stradamob.com\/home\/fretamento-continuo-em-2026tendencias-tecnologia-e-gestaointeligente-de-transporte-corporativo\/#breadcrumb"},"inLanguage":"pt-BR","potentialAction":[{"@type":"ReadAction","target":["https:\/\/stradamob.com\/home\/fretamento-continuo-em-2026tendencias-tecnologia-e-gestaointeligente-de-transporte-corporativo\/"]}]},{"@type":"ImageObject","inLanguage":"pt-BR","@id":"https:\/\/stradamob.com\/home\/fretamento-continuo-em-2026tendencias-tecnologia-e-gestaointeligente-de-transporte-corporativo\/#primaryimage","url":"https:\/\/stradamob.com\/home\/wp-content\/uploads\/2026\/02\/Gemini_Generated_Image_hbntsyhbntsyhbnt.png","contentUrl":"https:\/\/stradamob.com\/home\/wp-content\/uploads\/2026\/02\/Gemini_Generated_Image_hbntsyhbntsyhbnt.png","width":1024,"height":1024},{"@type":"BreadcrumbList","@id":"https:\/\/stradamob.com\/home\/fretamento-continuo-em-2026tendencias-tecnologia-e-gestaointeligente-de-transporte-corporativo\/#breadcrumb","itemListElement":[{"@type":"ListItem","position":1,"name":"In\u00edcio","item":"https:\/\/stradamob.com\/home\/"},{"@type":"ListItem","position":2,"name":"Fretamento Cont\u00ednuo em 2026:Tend\u00eancias, Tecnologia e Gest\u00e3o Inteligente de Transporte Corporativo"}]},{"@type":"WebSite","@id":"https:\/\/stradamob.com\/home\/#website","url":"https:\/\/stradamob.com\/home\/","name":"Strada Mod","description":"Solu\u00e7\u00f5es em transporte.","publisher":{"@id":"https:\/\/stradamob.com\/home\/#organization"},"potentialAction":[{"@type":"SearchAction","target":{"@type":"EntryPoint","urlTemplate":"https:\/\/stradamob.com\/home\/?s={search_term_string}"},"query-input":{"@type":"PropertyValueSpecification","valueRequired":true,"valueName":"search_term_string"}}],"inLanguage":"pt-BR"},{"@type":"Organization","@id":"https:\/\/stradamob.com\/home\/#organization","name":"Strada Mod","url":"https:\/\/stradamob.com\/home\/","logo":{"@type":"ImageObject","inLanguage":"pt-BR","@id":"https:\/\/stradamob.com\/home\/#\/schema\/logo\/image\/","url":"https:\/\/stradamob.com\/home\/wp-content\/uploads\/2025\/08\/android-chrome-512x512-1.png","contentUrl":"https:\/\/stradamob.com\/home\/wp-content\/uploads\/2025\/08\/android-chrome-512x512-1.png","width":512,"height":512,"caption":"Strada Mod"},"image":{"@id":"https:\/\/stradamob.com\/home\/#\/schema\/logo\/image\/"}},{"@type":"Person","@id":"https:\/\/stradamob.com\/home\/#\/schema\/person\/9e1b208ad20eac4aced2dbc5db6c95fe","name":"stradamob","image":{"@type":"ImageObject","inLanguage":"pt-BR","@id":"https:\/\/stradamob.com\/home\/wp-content\/litespeed\/avatar\/5fad99d439f90edc1eb2042219ccc819.jpg?ver=1787844632","url":"https:\/\/stradamob.com\/home\/wp-content\/litespeed\/avatar\/5fad99d439f90edc1eb2042219ccc819.jpg?ver=1787844632","contentUrl":"https:\/\/stradamob.com\/home\/wp-content\/litespeed\/avatar\/5fad99d439f90edc1eb2042219ccc819.jpg?ver=1787844632","caption":"stradamob"},"url":"https:\/\/stradamob.com\/home\/author\/stradamob\/"}]}},"_links":{"self":[{"href":"https:\/\/stradamob.com\/home\/wp-json\/wp\/v2\/posts\/655","targetHints":{"allow":["GET"]}}],"collection":[{"href":"https:\/\/stradamob.com\/home\/wp-json\/wp\/v2\/posts"}],"about":[{"href":"https:\/\/stradamob.com\/home\/wp-json\/wp\/v2\/types\/post"}],"author":[{"embeddable":true,"href":"https:\/\/stradamob.com\/home\/wp-json\/wp\/v2\/users\/2"}],"replies":[{"embeddable":true,"href":"https:\/\/stradamob.com\/home\/wp-json\/wp\/v2\/comments?post=655"}],"version-history":[{"count":2,"href":"https:\/\/stradamob.com\/home\/wp-json\/wp\/v2\/posts\/655\/revisions"}],"predecessor-version":[{"id":664,"href":"https:\/\/stradamob.com\/home\/wp-json\/wp\/v2\/posts\/655\/revisions\/664"}],"wp:featuredmedia":[{"embeddable":true,"href":"https:\/\/stradamob.com\/home\/wp-json\/wp\/v2\/media\/662"}],"wp:attachment":[{"href":"https:\/\/stradamob.com\/home\/wp-json\/wp\/v2\/media?parent=655"}],"wp:term":[{"taxonomy":"category","embeddable":true,"href":"https:\/\/stradamob.com\/home\/wp-json\/wp\/v2\/categories?post=655"},{"taxonomy":"post_tag","embeddable":true,"href":"https:\/\/stradamob.com\/home\/wp-json\/wp\/v2\/tags?post=655"}],"curies":[{"name":"wp","href":"https:\/\/api.w.org\/{rel}","templated":true}]}}