{"id":666,"date":"2026-03-10T12:59:54","date_gmt":"2026-03-10T15:59:54","guid":{"rendered":"https:\/\/stradamob.com\/home\/?p=666"},"modified":"2026-03-10T12:59:55","modified_gmt":"2026-03-10T15:59:55","slug":"quando-vale-a-pena-contratar-fretamento-corporativo","status":"publish","type":"post","link":"https:\/\/stradamob.com\/home\/quando-vale-a-pena-contratar-fretamento-corporativo\/","title":{"rendered":"Quando Vale a Pena Contratar Fretamento Corporativo?\u00a0"},"content":{"rendered":"\n<p class=\"wp-block-paragraph\">Em um ambiente empresarial cada vez mais competitivo, a mobilidade dos colaboradores passou a ser um fator estrat\u00e9gico para o funcionamento das empresas.\u00a0A forma como os profissionais se deslocam\u00a0at\u00e9 o trabalho influencia diretamente a pontualidade, a produtividade e at\u00e9 mesmo o clima organizacional. Nesse cen\u00e1rio, o\u00a0<strong>fretamento corporativo<\/strong>\u00a0surge como uma solu\u00e7\u00e3o eficiente para organiza\u00e7\u00f5es que buscam otimizar sua log\u00edstica e oferecer melhores condi\u00e7\u00f5es de deslocamento \u00e0s equipes.\u00a0<\/p>\n\n\n\n<p class=\"wp-block-paragraph\">De acordo com estudos sobre mobilidade urbana e corporativa, o tempo gasto no trajeto di\u00e1rio pode impactar significativamente o rendimento no trabalho. Pesquisas indicam que deslocamentos longos tendem a aumentar o estresse e reduzir a disposi\u00e7\u00e3o ao iniciar a jornada laboral (PORTAL DO TR\u00c2NSITO, 2023). Quando o transporte \u00e9 planejado e organizado, como ocorre no fretamento cont\u00ednuo, os colaboradores chegam ao trabalho com maior conforto e previsibilidade de hor\u00e1rio, fatores que contribuem para um melhor desempenho profissional.&nbsp;<\/p>\n\n\n\n<p class=\"wp-block-paragraph\">Outro ponto relevante \u00e9 a redu\u00e7\u00e3o de custos operacionais. Segundo an\u00e1lises sobre mobilidade corporativa, empresas que adotam sistemas de transporte fretado conseguem otimizar recursos log\u00edsticos e diminuir gastos relacionados a atrasos, reembolsos de transporte e absente\u00edsmo (BUSUP, 2023). Ao concentrar o deslocamento de diversos colaboradores em ve\u00edculos planejados para rotas espec\u00edficas, a empresa melhora a efici\u00eancia do transporte e reduz desperd\u00edcios.&nbsp;<\/p>\n\n\n\n<p class=\"wp-block-paragraph\">O fretamento tamb\u00e9m se torna especialmente vantajoso para empresas que possuem grande n\u00famero de colaboradores, operam em polos industriais ou est\u00e3o localizadas em regi\u00f5es afastadas dos centros urbanos. Nesses casos, a oferta de transporte corporativo facilita o acesso ao local de trabalho e contribui para maior organiza\u00e7\u00e3o da rotina empresarial.&nbsp;<\/p>\n\n\n\n<p class=\"wp-block-paragraph\">Al\u00e9m dos benef\u00edcios operacionais, a mobilidade corporativa est\u00e1 cada vez mais associada \u00e0 valoriza\u00e7\u00e3o do capital humano. Oferecer transporte estruturado demonstra cuidado com o bem-estar dos colaboradores e pode contribuir para a satisfa\u00e7\u00e3o e reten\u00e7\u00e3o de talentos dentro da organiza\u00e7\u00e3o.&nbsp;<\/p>\n\n\n\n<p class=\"wp-block-paragraph\">Diante desse contexto, contratar fretamento corporativo deixa de ser apenas uma solu\u00e7\u00e3o log\u00edstica e passa a representar uma estrat\u00e9gia de gest\u00e3o. Empresas que investem em mobilidade eficiente tendem a fortalecer sua produtividade, melhorar a experi\u00eancia dos colaboradores e tornar sua opera\u00e7\u00e3o mais organizada.&nbsp;<\/p>\n\n\n\n<p class=\"wp-block-paragraph\"><strong>Refer\u00eancias<\/strong>&nbsp;<\/p>\n\n\n\n<p class=\"wp-block-paragraph\">BUSUP.&nbsp;<em>Mobilidade corporativa: desafios e oportunidades para empresas<\/em>. 2023.&nbsp;<br>PORTAL DO TR\u00c2NSITO.&nbsp;<em>Mobilidade urbana e impactos na qualidade de vida do trabalhador<\/em>. 2023.&nbsp;<\/p>\n","protected":false},"excerpt":{"rendered":"<p>Em um ambiente empresarial cada vez mais competitivo, a mobilidade dos colaboradores passou a ser um fator estrat\u00e9gico para o funcionamento das empresas.\u00a0A forma como os profissionais se deslocam\u00a0at\u00e9 o trabalho influencia diretamente a pontualidade, a produtividade e at\u00e9 mesmo o clima organizacional. Nesse cen\u00e1rio, o\u00a0fretamento corporativo\u00a0surge como uma solu\u00e7\u00e3o eficiente para organiza\u00e7\u00f5es que buscam [&hellip;]<\/p>\n","protected":false},"author":2,"featured_media":667,"comment_status":"closed","ping_status":"closed","sticky":false,"template":"","format":"standard","meta":{"footnotes":""},"categories":[1],"tags":[],"class_list":["post-666","post","type-post","status-publish","format-standard","has-post-thumbnail","hentry","category-sem-categoria"],"acf":[],"yoast_head":"<!-- This site is optimized with the Yoast SEO plugin v27.3 - https:\/\/yoast.com\/product\/yoast-seo-wordpress\/ -->\n<title>Quando Vale a Pena Contratar Fretamento Corporativo?\u00a0 - Strada Mob<\/title>\n<meta name=\"robots\" content=\"index, follow, max-snippet:-1, max-image-preview:large, max-video-preview:-1\" \/>\n<link rel=\"canonical\" href=\"https:\/\/stradamob.com\/home\/quando-vale-a-pena-contratar-fretamento-corporativo\/\" \/>\n<meta property=\"og:locale\" content=\"pt_BR\" \/>\n<meta property=\"og:type\" content=\"article\" \/>\n<meta property=\"og:title\" content=\"Quando Vale a Pena Contratar Fretamento Corporativo?\u00a0 - Strada Mob\" \/>\n<meta property=\"og:description\" content=\"Em um ambiente empresarial cada vez mais competitivo, a mobilidade dos colaboradores passou a ser um fator estrat\u00e9gico para o funcionamento das empresas.\u00a0A forma como os profissionais se deslocam\u00a0at\u00e9 o trabalho influencia diretamente a pontualidade, a produtividade e at\u00e9 mesmo o clima organizacional. Nesse cen\u00e1rio, o\u00a0fretamento corporativo\u00a0surge como uma solu\u00e7\u00e3o eficiente para organiza\u00e7\u00f5es que buscam [&hellip;]\" \/>\n<meta property=\"og:url\" content=\"https:\/\/stradamob.com\/home\/quando-vale-a-pena-contratar-fretamento-corporativo\/\" \/>\n<meta property=\"og:site_name\" content=\"Strada Mob\" \/>\n<meta property=\"article:published_time\" content=\"2026-03-10T15:59:54+00:00\" \/>\n<meta property=\"article:modified_time\" content=\"2026-03-10T15:59:55+00:00\" \/>\n<meta property=\"og:image\" content=\"https:\/\/stradamob.com\/home\/wp-content\/uploads\/2026\/03\/ChatGPT-Image-10-de-mar.-de-2026-12_58_51.png\" \/>\n\t<meta property=\"og:image:width\" content=\"1024\" \/>\n\t<meta property=\"og:image:height\" content=\"1024\" \/>\n\t<meta property=\"og:image:type\" content=\"image\/png\" \/>\n<meta name=\"author\" content=\"stradamob\" \/>\n<meta name=\"twitter:card\" content=\"summary_large_image\" \/>\n<meta name=\"twitter:label1\" content=\"Escrito por\" \/>\n\t<meta name=\"twitter:data1\" content=\"stradamob\" \/>\n\t<meta name=\"twitter:label2\" content=\"Est. tempo de leitura\" \/>\n\t<meta name=\"twitter:data2\" content=\"3 minutos\" \/>\n<script type=\"application\/ld+json\" class=\"yoast-schema-graph\">{\"@context\":\"https:\\\/\\\/schema.org\",\"@graph\":[{\"@type\":\"Article\",\"@id\":\"https:\\\/\\\/stradamob.com\\\/home\\\/quando-vale-a-pena-contratar-fretamento-corporativo\\\/#article\",\"isPartOf\":{\"@id\":\"https:\\\/\\\/stradamob.com\\\/home\\\/quando-vale-a-pena-contratar-fretamento-corporativo\\\/\"},\"author\":{\"name\":\"stradamob\",\"@id\":\"https:\\\/\\\/stradamob.com\\\/home\\\/#\\\/schema\\\/person\\\/9e1b208ad20eac4aced2dbc5db6c95fe\"},\"headline\":\"Quando Vale a Pena Contratar Fretamento Corporativo?\u00a0\",\"datePublished\":\"2026-03-10T15:59:54+00:00\",\"dateModified\":\"2026-03-10T15:59:55+00:00\",\"mainEntityOfPage\":{\"@id\":\"https:\\\/\\\/stradamob.com\\\/home\\\/quando-vale-a-pena-contratar-fretamento-corporativo\\\/\"},\"wordCount\":413,\"publisher\":{\"@id\":\"https:\\\/\\\/stradamob.com\\\/home\\\/#organization\"},\"image\":{\"@id\":\"https:\\\/\\\/stradamob.com\\\/home\\\/quando-vale-a-pena-contratar-fretamento-corporativo\\\/#primaryimage\"},\"thumbnailUrl\":\"https:\\\/\\\/stradamob.com\\\/home\\\/wp-content\\\/uploads\\\/2026\\\/03\\\/ChatGPT-Image-10-de-mar.-de-2026-12_58_51.png\",\"inLanguage\":\"pt-BR\"},{\"@type\":\"WebPage\",\"@id\":\"https:\\\/\\\/stradamob.com\\\/home\\\/quando-vale-a-pena-contratar-fretamento-corporativo\\\/\",\"url\":\"https:\\\/\\\/stradamob.com\\\/home\\\/quando-vale-a-pena-contratar-fretamento-corporativo\\\/\",\"name\":\"Quando Vale a Pena Contratar Fretamento Corporativo?\u00a0 - Strada Mob\",\"isPartOf\":{\"@id\":\"https:\\\/\\\/stradamob.com\\\/home\\\/#website\"},\"primaryImageOfPage\":{\"@id\":\"https:\\\/\\\/stradamob.com\\\/home\\\/quando-vale-a-pena-contratar-fretamento-corporativo\\\/#primaryimage\"},\"image\":{\"@id\":\"https:\\\/\\\/stradamob.com\\\/home\\\/quando-vale-a-pena-contratar-fretamento-corporativo\\\/#primaryimage\"},\"thumbnailUrl\":\"https:\\\/\\\/stradamob.com\\\/home\\\/wp-content\\\/uploads\\\/2026\\\/03\\\/ChatGPT-Image-10-de-mar.-de-2026-12_58_51.png\",\"datePublished\":\"2026-03-10T15:59:54+00:00\",\"dateModified\":\"2026-03-10T15:59:55+00:00\",\"breadcrumb\":{\"@id\":\"https:\\\/\\\/stradamob.com\\\/home\\\/quando-vale-a-pena-contratar-fretamento-corporativo\\\/#breadcrumb\"},\"inLanguage\":\"pt-BR\",\"potentialAction\":[{\"@type\":\"ReadAction\",\"target\":[\"https:\\\/\\\/stradamob.com\\\/home\\\/quando-vale-a-pena-contratar-fretamento-corporativo\\\/\"]}]},{\"@type\":\"ImageObject\",\"inLanguage\":\"pt-BR\",\"@id\":\"https:\\\/\\\/stradamob.com\\\/home\\\/quando-vale-a-pena-contratar-fretamento-corporativo\\\/#primaryimage\",\"url\":\"https:\\\/\\\/stradamob.com\\\/home\\\/wp-content\\\/uploads\\\/2026\\\/03\\\/ChatGPT-Image-10-de-mar.-de-2026-12_58_51.png\",\"contentUrl\":\"https:\\\/\\\/stradamob.com\\\/home\\\/wp-content\\\/uploads\\\/2026\\\/03\\\/ChatGPT-Image-10-de-mar.-de-2026-12_58_51.png\",\"width\":1024,\"height\":1024},{\"@type\":\"BreadcrumbList\",\"@id\":\"https:\\\/\\\/stradamob.com\\\/home\\\/quando-vale-a-pena-contratar-fretamento-corporativo\\\/#breadcrumb\",\"itemListElement\":[{\"@type\":\"ListItem\",\"position\":1,\"name\":\"In\u00edcio\",\"item\":\"https:\\\/\\\/stradamob.com\\\/home\\\/\"},{\"@type\":\"ListItem\",\"position\":2,\"name\":\"Quando Vale a Pena Contratar Fretamento Corporativo?\u00a0\"}]},{\"@type\":\"WebSite\",\"@id\":\"https:\\\/\\\/stradamob.com\\\/home\\\/#website\",\"url\":\"https:\\\/\\\/stradamob.com\\\/home\\\/\",\"name\":\"Strada Mod\",\"description\":\"Solu\u00e7\u00f5es em transporte.\",\"publisher\":{\"@id\":\"https:\\\/\\\/stradamob.com\\\/home\\\/#organization\"},\"potentialAction\":[{\"@type\":\"SearchAction\",\"target\":{\"@type\":\"EntryPoint\",\"urlTemplate\":\"https:\\\/\\\/stradamob.com\\\/home\\\/?s={search_term_string}\"},\"query-input\":{\"@type\":\"PropertyValueSpecification\",\"valueRequired\":true,\"valueName\":\"search_term_string\"}}],\"inLanguage\":\"pt-BR\"},{\"@type\":\"Organization\",\"@id\":\"https:\\\/\\\/stradamob.com\\\/home\\\/#organization\",\"name\":\"Strada Mod\",\"url\":\"https:\\\/\\\/stradamob.com\\\/home\\\/\",\"logo\":{\"@type\":\"ImageObject\",\"inLanguage\":\"pt-BR\",\"@id\":\"https:\\\/\\\/stradamob.com\\\/home\\\/#\\\/schema\\\/logo\\\/image\\\/\",\"url\":\"https:\\\/\\\/stradamob.com\\\/home\\\/wp-content\\\/uploads\\\/2025\\\/08\\\/android-chrome-512x512-1.png\",\"contentUrl\":\"https:\\\/\\\/stradamob.com\\\/home\\\/wp-content\\\/uploads\\\/2025\\\/08\\\/android-chrome-512x512-1.png\",\"width\":512,\"height\":512,\"caption\":\"Strada Mod\"},\"image\":{\"@id\":\"https:\\\/\\\/stradamob.com\\\/home\\\/#\\\/schema\\\/logo\\\/image\\\/\"}},{\"@type\":\"Person\",\"@id\":\"https:\\\/\\\/stradamob.com\\\/home\\\/#\\\/schema\\\/person\\\/9e1b208ad20eac4aced2dbc5db6c95fe\",\"name\":\"stradamob\",\"image\":{\"@type\":\"ImageObject\",\"inLanguage\":\"pt-BR\",\"@id\":\"https:\\\/\\\/stradamob.com\\\/home\\\/wp-content\\\/litespeed\\\/avatar\\\/5fad99d439f90edc1eb2042219ccc819.jpg?ver=1787844632\",\"url\":\"https:\\\/\\\/stradamob.com\\\/home\\\/wp-content\\\/litespeed\\\/avatar\\\/5fad99d439f90edc1eb2042219ccc819.jpg?ver=1787844632\",\"contentUrl\":\"https:\\\/\\\/stradamob.com\\\/home\\\/wp-content\\\/litespeed\\\/avatar\\\/5fad99d439f90edc1eb2042219ccc819.jpg?ver=1787844632\",\"caption\":\"stradamob\"},\"url\":\"https:\\\/\\\/stradamob.com\\\/home\\\/author\\\/stradamob\\\/\"}]}<\/script>\n<!-- \/ Yoast SEO plugin. -->","yoast_head_json":{"title":"Quando Vale a Pena Contratar Fretamento Corporativo?\u00a0 - Strada Mob","robots":{"index":"index","follow":"follow","max-snippet":"max-snippet:-1","max-image-preview":"max-image-preview:large","max-video-preview":"max-video-preview:-1"},"canonical":"https:\/\/stradamob.com\/home\/quando-vale-a-pena-contratar-fretamento-corporativo\/","og_locale":"pt_BR","og_type":"article","og_title":"Quando Vale a Pena Contratar Fretamento Corporativo?\u00a0 - Strada Mob","og_description":"Em um ambiente empresarial cada vez mais competitivo, a mobilidade dos colaboradores passou a ser um fator estrat\u00e9gico para o funcionamento das empresas.\u00a0A forma como os profissionais se deslocam\u00a0at\u00e9 o trabalho influencia diretamente a pontualidade, a produtividade e at\u00e9 mesmo o clima organizacional. Nesse cen\u00e1rio, o\u00a0fretamento corporativo\u00a0surge como uma solu\u00e7\u00e3o eficiente para organiza\u00e7\u00f5es que buscam [&hellip;]","og_url":"https:\/\/stradamob.com\/home\/quando-vale-a-pena-contratar-fretamento-corporativo\/","og_site_name":"Strada Mob","article_published_time":"2026-03-10T15:59:54+00:00","article_modified_time":"2026-03-10T15:59:55+00:00","og_image":[{"width":1024,"height":1024,"url":"https:\/\/stradamob.com\/home\/wp-content\/uploads\/2026\/03\/ChatGPT-Image-10-de-mar.-de-2026-12_58_51.png","type":"image\/png"}],"author":"stradamob","twitter_card":"summary_large_image","twitter_misc":{"Escrito por":"stradamob","Est. tempo de leitura":"3 minutos"},"schema":{"@context":"https:\/\/schema.org","@graph":[{"@type":"Article","@id":"https:\/\/stradamob.com\/home\/quando-vale-a-pena-contratar-fretamento-corporativo\/#article","isPartOf":{"@id":"https:\/\/stradamob.com\/home\/quando-vale-a-pena-contratar-fretamento-corporativo\/"},"author":{"name":"stradamob","@id":"https:\/\/stradamob.com\/home\/#\/schema\/person\/9e1b208ad20eac4aced2dbc5db6c95fe"},"headline":"Quando Vale a Pena Contratar Fretamento Corporativo?\u00a0","datePublished":"2026-03-10T15:59:54+00:00","dateModified":"2026-03-10T15:59:55+00:00","mainEntityOfPage":{"@id":"https:\/\/stradamob.com\/home\/quando-vale-a-pena-contratar-fretamento-corporativo\/"},"wordCount":413,"publisher":{"@id":"https:\/\/stradamob.com\/home\/#organization"},"image":{"@id":"https:\/\/stradamob.com\/home\/quando-vale-a-pena-contratar-fretamento-corporativo\/#primaryimage"},"thumbnailUrl":"https:\/\/stradamob.com\/home\/wp-content\/uploads\/2026\/03\/ChatGPT-Image-10-de-mar.-de-2026-12_58_51.png","inLanguage":"pt-BR"},{"@type":"WebPage","@id":"https:\/\/stradamob.com\/home\/quando-vale-a-pena-contratar-fretamento-corporativo\/","url":"https:\/\/stradamob.com\/home\/quando-vale-a-pena-contratar-fretamento-corporativo\/","name":"Quando Vale a Pena Contratar Fretamento Corporativo?\u00a0 - Strada Mob","isPartOf":{"@id":"https:\/\/stradamob.com\/home\/#website"},"primaryImageOfPage":{"@id":"https:\/\/stradamob.com\/home\/quando-vale-a-pena-contratar-fretamento-corporativo\/#primaryimage"},"image":{"@id":"https:\/\/stradamob.com\/home\/quando-vale-a-pena-contratar-fretamento-corporativo\/#primaryimage"},"thumbnailUrl":"https:\/\/stradamob.com\/home\/wp-content\/uploads\/2026\/03\/ChatGPT-Image-10-de-mar.-de-2026-12_58_51.png","datePublished":"2026-03-10T15:59:54+00:00","dateModified":"2026-03-10T15:59:55+00:00","breadcrumb":{"@id":"https:\/\/stradamob.com\/home\/quando-vale-a-pena-contratar-fretamento-corporativo\/#breadcrumb"},"inLanguage":"pt-BR","potentialAction":[{"@type":"ReadAction","target":["https:\/\/stradamob.com\/home\/quando-vale-a-pena-contratar-fretamento-corporativo\/"]}]},{"@type":"ImageObject","inLanguage":"pt-BR","@id":"https:\/\/stradamob.com\/home\/quando-vale-a-pena-contratar-fretamento-corporativo\/#primaryimage","url":"https:\/\/stradamob.com\/home\/wp-content\/uploads\/2026\/03\/ChatGPT-Image-10-de-mar.-de-2026-12_58_51.png","contentUrl":"https:\/\/stradamob.com\/home\/wp-content\/uploads\/2026\/03\/ChatGPT-Image-10-de-mar.-de-2026-12_58_51.png","width":1024,"height":1024},{"@type":"BreadcrumbList","@id":"https:\/\/stradamob.com\/home\/quando-vale-a-pena-contratar-fretamento-corporativo\/#breadcrumb","itemListElement":[{"@type":"ListItem","position":1,"name":"In\u00edcio","item":"https:\/\/stradamob.com\/home\/"},{"@type":"ListItem","position":2,"name":"Quando Vale a Pena Contratar Fretamento Corporativo?\u00a0"}]},{"@type":"WebSite","@id":"https:\/\/stradamob.com\/home\/#website","url":"https:\/\/stradamob.com\/home\/","name":"Strada Mod","description":"Solu\u00e7\u00f5es em transporte.","publisher":{"@id":"https:\/\/stradamob.com\/home\/#organization"},"potentialAction":[{"@type":"SearchAction","target":{"@type":"EntryPoint","urlTemplate":"https:\/\/stradamob.com\/home\/?s={search_term_string}"},"query-input":{"@type":"PropertyValueSpecification","valueRequired":true,"valueName":"search_term_string"}}],"inLanguage":"pt-BR"},{"@type":"Organization","@id":"https:\/\/stradamob.com\/home\/#organization","name":"Strada Mod","url":"https:\/\/stradamob.com\/home\/","logo":{"@type":"ImageObject","inLanguage":"pt-BR","@id":"https:\/\/stradamob.com\/home\/#\/schema\/logo\/image\/","url":"https:\/\/stradamob.com\/home\/wp-content\/uploads\/2025\/08\/android-chrome-512x512-1.png","contentUrl":"https:\/\/stradamob.com\/home\/wp-content\/uploads\/2025\/08\/android-chrome-512x512-1.png","width":512,"height":512,"caption":"Strada Mod"},"image":{"@id":"https:\/\/stradamob.com\/home\/#\/schema\/logo\/image\/"}},{"@type":"Person","@id":"https:\/\/stradamob.com\/home\/#\/schema\/person\/9e1b208ad20eac4aced2dbc5db6c95fe","name":"stradamob","image":{"@type":"ImageObject","inLanguage":"pt-BR","@id":"https:\/\/stradamob.com\/home\/wp-content\/litespeed\/avatar\/5fad99d439f90edc1eb2042219ccc819.jpg?ver=1787844632","url":"https:\/\/stradamob.com\/home\/wp-content\/litespeed\/avatar\/5fad99d439f90edc1eb2042219ccc819.jpg?ver=1787844632","contentUrl":"https:\/\/stradamob.com\/home\/wp-content\/litespeed\/avatar\/5fad99d439f90edc1eb2042219ccc819.jpg?ver=1787844632","caption":"stradamob"},"url":"https:\/\/stradamob.com\/home\/author\/stradamob\/"}]}},"_links":{"self":[{"href":"https:\/\/stradamob.com\/home\/wp-json\/wp\/v2\/posts\/666","targetHints":{"allow":["GET"]}}],"collection":[{"href":"https:\/\/stradamob.com\/home\/wp-json\/wp\/v2\/posts"}],"about":[{"href":"https:\/\/stradamob.com\/home\/wp-json\/wp\/v2\/types\/post"}],"author":[{"embeddable":true,"href":"https:\/\/stradamob.com\/home\/wp-json\/wp\/v2\/users\/2"}],"replies":[{"embeddable":true,"href":"https:\/\/stradamob.com\/home\/wp-json\/wp\/v2\/comments?post=666"}],"version-history":[{"count":1,"href":"https:\/\/stradamob.com\/home\/wp-json\/wp\/v2\/posts\/666\/revisions"}],"predecessor-version":[{"id":668,"href":"https:\/\/stradamob.com\/home\/wp-json\/wp\/v2\/posts\/666\/revisions\/668"}],"wp:featuredmedia":[{"embeddable":true,"href":"https:\/\/stradamob.com\/home\/wp-json\/wp\/v2\/media\/667"}],"wp:attachment":[{"href":"https:\/\/stradamob.com\/home\/wp-json\/wp\/v2\/media?parent=666"}],"wp:term":[{"taxonomy":"category","embeddable":true,"href":"https:\/\/stradamob.com\/home\/wp-json\/wp\/v2\/categories?post=666"},{"taxonomy":"post_tag","embeddable":true,"href":"https:\/\/stradamob.com\/home\/wp-json\/wp\/v2\/tags?post=666"}],"curies":[{"name":"wp","href":"https:\/\/api.w.org\/{rel}","templated":true}]}}