{"id":845,"date":"2026-07-27T09:34:29","date_gmt":"2026-07-27T12:34:29","guid":{"rendered":"https:\/\/stradamob.com\/home\/?p=845"},"modified":"2026-07-27T09:34:29","modified_gmt":"2026-07-27T12:34:29","slug":"dia-do-motorista","status":"publish","type":"post","link":"https:\/\/stradamob.com\/home\/dia-do-motorista\/","title":{"rendered":"Dia do Motorista"},"content":{"rendered":"\n<figure class=\"wp-block-image size-large\"><img fetchpriority=\"high\" decoding=\"async\" width=\"819\" height=\"1024\" src=\"https:\/\/stradamob.com\/home\/wp-content\/uploads\/2026\/07\/FEED-STRADA-MOB-819x1024.png\" alt=\"\" class=\"wp-image-846\" srcset=\"https:\/\/stradamob.com\/home\/wp-content\/uploads\/2026\/07\/FEED-STRADA-MOB-819x1024.png 819w, https:\/\/stradamob.com\/home\/wp-content\/uploads\/2026\/07\/FEED-STRADA-MOB-240x300.png 240w, https:\/\/stradamob.com\/home\/wp-content\/uploads\/2026\/07\/FEED-STRADA-MOB-768x960.png 768w, https:\/\/stradamob.com\/home\/wp-content\/uploads\/2026\/07\/FEED-STRADA-MOB.png 1080w\" sizes=\"(max-width: 819px) 100vw, 819px\" \/><\/figure>\n\n\n\n<p class=\"wp-block-paragraph\">No \u00faltimo s\u00e1bado celebramos o <strong>Dia do Motorista<\/strong>, uma data que vai muito al\u00e9m de uma homenagem. Ela nos lembra da import\u00e2ncia dos profissionais que garantem que milhares de pessoas cheguem ao seu destino com seguran\u00e7a, pontualidade e confian\u00e7a.<\/p>\n\n\n\n<p class=\"wp-block-paragraph\">No transporte corporativo, cada trajeto representa um compromisso com a produtividade das empresas e com o bem-estar dos colaboradores. Por tr\u00e1s de uma opera\u00e7\u00e3o eficiente, existem motoristas preparados, respons\u00e1veis e comprometidos em cuidar de vidas.<\/p>\n\n\n\n<p class=\"wp-block-paragraph\">Na <strong>Strada Mob<\/strong>, valorizamos esses profissionais porque sabemos que eles s\u00e3o parte essencial da experi\u00eancia que entregamos aos nossos clientes todos os dias. Seu trabalho impacta diretamente a continuidade das opera\u00e7\u00f5es, a seguran\u00e7a das equipes e a confian\u00e7a constru\u00edda em cada viagem.<\/p>\n\n\n\n<p class=\"wp-block-paragraph\">Nosso reconhecimento e agradecimento a todos os motoristas que fazem da mobilidade corporativa um servi\u00e7o de excel\u00eancia.<\/p>\n\n\n\n<p class=\"wp-block-paragraph\"><\/p>\n","protected":false},"excerpt":{"rendered":"<p>No \u00faltimo s\u00e1bado celebramos o Dia do Motorista, uma data que vai muito al\u00e9m de uma homenagem. Ela nos lembra da import\u00e2ncia dos profissionais que garantem que milhares de pessoas cheguem ao seu destino com seguran\u00e7a, pontualidade e confian\u00e7a. No transporte corporativo, cada trajeto representa um compromisso com a produtividade das empresas e com o [&hellip;]<\/p>\n","protected":false},"author":2,"featured_media":846,"comment_status":"closed","ping_status":"closed","sticky":false,"template":"","format":"standard","meta":{"footnotes":""},"categories":[1],"tags":[],"class_list":["post-845","post","type-post","status-publish","format-standard","has-post-thumbnail","hentry","category-sem-categoria"],"acf":[],"yoast_head":"<!-- This site is optimized with the Yoast SEO plugin v27.3 - https:\/\/yoast.com\/product\/yoast-seo-wordpress\/ -->\n<title>Dia do Motorista - Strada Mob<\/title>\n<meta name=\"robots\" content=\"index, follow, max-snippet:-1, max-image-preview:large, max-video-preview:-1\" \/>\n<link rel=\"canonical\" href=\"https:\/\/stradamob.com\/home\/dia-do-motorista\/\" \/>\n<meta property=\"og:locale\" content=\"pt_BR\" \/>\n<meta property=\"og:type\" content=\"article\" \/>\n<meta property=\"og:title\" content=\"Dia do Motorista - Strada Mob\" \/>\n<meta property=\"og:description\" content=\"No \u00faltimo s\u00e1bado celebramos o Dia do Motorista, uma data que vai muito al\u00e9m de uma homenagem. Ela nos lembra da import\u00e2ncia dos profissionais que garantem que milhares de pessoas cheguem ao seu destino com seguran\u00e7a, pontualidade e confian\u00e7a. No transporte corporativo, cada trajeto representa um compromisso com a produtividade das empresas e com o [&hellip;]\" \/>\n<meta property=\"og:url\" content=\"https:\/\/stradamob.com\/home\/dia-do-motorista\/\" \/>\n<meta property=\"og:site_name\" content=\"Strada Mob\" \/>\n<meta property=\"article:published_time\" content=\"2026-07-27T12:34:29+00:00\" \/>\n<meta property=\"og:image\" content=\"https:\/\/stradamob.com\/home\/wp-content\/uploads\/2026\/07\/FEED-STRADA-MOB.png\" \/>\n\t<meta property=\"og:image:width\" content=\"1080\" \/>\n\t<meta property=\"og:image:height\" content=\"1350\" \/>\n\t<meta property=\"og:image:type\" content=\"image\/png\" \/>\n<meta name=\"author\" content=\"stradamob\" \/>\n<meta name=\"twitter:card\" content=\"summary_large_image\" \/>\n<meta name=\"twitter:label1\" content=\"Escrito por\" \/>\n\t<meta name=\"twitter:data1\" content=\"stradamob\" \/>\n\t<meta name=\"twitter:label2\" content=\"Est. tempo de leitura\" \/>\n\t<meta name=\"twitter:data2\" content=\"2 minutos\" \/>\n<script type=\"application\/ld+json\" class=\"yoast-schema-graph\">{\"@context\":\"https:\\\/\\\/schema.org\",\"@graph\":[{\"@type\":\"Article\",\"@id\":\"https:\\\/\\\/stradamob.com\\\/home\\\/dia-do-motorista\\\/#article\",\"isPartOf\":{\"@id\":\"https:\\\/\\\/stradamob.com\\\/home\\\/dia-do-motorista\\\/\"},\"author\":{\"name\":\"stradamob\",\"@id\":\"https:\\\/\\\/stradamob.com\\\/home\\\/#\\\/schema\\\/person\\\/9e1b208ad20eac4aced2dbc5db6c95fe\"},\"headline\":\"Dia do Motorista\",\"datePublished\":\"2026-07-27T12:34:29+00:00\",\"mainEntityOfPage\":{\"@id\":\"https:\\\/\\\/stradamob.com\\\/home\\\/dia-do-motorista\\\/\"},\"wordCount\":152,\"publisher\":{\"@id\":\"https:\\\/\\\/stradamob.com\\\/home\\\/#organization\"},\"image\":{\"@id\":\"https:\\\/\\\/stradamob.com\\\/home\\\/dia-do-motorista\\\/#primaryimage\"},\"thumbnailUrl\":\"https:\\\/\\\/stradamob.com\\\/home\\\/wp-content\\\/uploads\\\/2026\\\/07\\\/FEED-STRADA-MOB.png\",\"inLanguage\":\"pt-BR\"},{\"@type\":\"WebPage\",\"@id\":\"https:\\\/\\\/stradamob.com\\\/home\\\/dia-do-motorista\\\/\",\"url\":\"https:\\\/\\\/stradamob.com\\\/home\\\/dia-do-motorista\\\/\",\"name\":\"Dia do Motorista - Strada Mob\",\"isPartOf\":{\"@id\":\"https:\\\/\\\/stradamob.com\\\/home\\\/#website\"},\"primaryImageOfPage\":{\"@id\":\"https:\\\/\\\/stradamob.com\\\/home\\\/dia-do-motorista\\\/#primaryimage\"},\"image\":{\"@id\":\"https:\\\/\\\/stradamob.com\\\/home\\\/dia-do-motorista\\\/#primaryimage\"},\"thumbnailUrl\":\"https:\\\/\\\/stradamob.com\\\/home\\\/wp-content\\\/uploads\\\/2026\\\/07\\\/FEED-STRADA-MOB.png\",\"datePublished\":\"2026-07-27T12:34:29+00:00\",\"breadcrumb\":{\"@id\":\"https:\\\/\\\/stradamob.com\\\/home\\\/dia-do-motorista\\\/#breadcrumb\"},\"inLanguage\":\"pt-BR\",\"potentialAction\":[{\"@type\":\"ReadAction\",\"target\":[\"https:\\\/\\\/stradamob.com\\\/home\\\/dia-do-motorista\\\/\"]}]},{\"@type\":\"ImageObject\",\"inLanguage\":\"pt-BR\",\"@id\":\"https:\\\/\\\/stradamob.com\\\/home\\\/dia-do-motorista\\\/#primaryimage\",\"url\":\"https:\\\/\\\/stradamob.com\\\/home\\\/wp-content\\\/uploads\\\/2026\\\/07\\\/FEED-STRADA-MOB.png\",\"contentUrl\":\"https:\\\/\\\/stradamob.com\\\/home\\\/wp-content\\\/uploads\\\/2026\\\/07\\\/FEED-STRADA-MOB.png\",\"width\":1080,\"height\":1350},{\"@type\":\"BreadcrumbList\",\"@id\":\"https:\\\/\\\/stradamob.com\\\/home\\\/dia-do-motorista\\\/#breadcrumb\",\"itemListElement\":[{\"@type\":\"ListItem\",\"position\":1,\"name\":\"In\u00edcio\",\"item\":\"https:\\\/\\\/stradamob.com\\\/home\\\/\"},{\"@type\":\"ListItem\",\"position\":2,\"name\":\"Dia do Motorista\"}]},{\"@type\":\"WebSite\",\"@id\":\"https:\\\/\\\/stradamob.com\\\/home\\\/#website\",\"url\":\"https:\\\/\\\/stradamob.com\\\/home\\\/\",\"name\":\"Strada Mod\",\"description\":\"Solu\u00e7\u00f5es em transporte.\",\"publisher\":{\"@id\":\"https:\\\/\\\/stradamob.com\\\/home\\\/#organization\"},\"potentialAction\":[{\"@type\":\"SearchAction\",\"target\":{\"@type\":\"EntryPoint\",\"urlTemplate\":\"https:\\\/\\\/stradamob.com\\\/home\\\/?s={search_term_string}\"},\"query-input\":{\"@type\":\"PropertyValueSpecification\",\"valueRequired\":true,\"valueName\":\"search_term_string\"}}],\"inLanguage\":\"pt-BR\"},{\"@type\":\"Organization\",\"@id\":\"https:\\\/\\\/stradamob.com\\\/home\\\/#organization\",\"name\":\"Strada Mod\",\"url\":\"https:\\\/\\\/stradamob.com\\\/home\\\/\",\"logo\":{\"@type\":\"ImageObject\",\"inLanguage\":\"pt-BR\",\"@id\":\"https:\\\/\\\/stradamob.com\\\/home\\\/#\\\/schema\\\/logo\\\/image\\\/\",\"url\":\"https:\\\/\\\/stradamob.com\\\/home\\\/wp-content\\\/uploads\\\/2025\\\/08\\\/android-chrome-512x512-1.png\",\"contentUrl\":\"https:\\\/\\\/stradamob.com\\\/home\\\/wp-content\\\/uploads\\\/2025\\\/08\\\/android-chrome-512x512-1.png\",\"width\":512,\"height\":512,\"caption\":\"Strada Mod\"},\"image\":{\"@id\":\"https:\\\/\\\/stradamob.com\\\/home\\\/#\\\/schema\\\/logo\\\/image\\\/\"}},{\"@type\":\"Person\",\"@id\":\"https:\\\/\\\/stradamob.com\\\/home\\\/#\\\/schema\\\/person\\\/9e1b208ad20eac4aced2dbc5db6c95fe\",\"name\":\"stradamob\",\"image\":{\"@type\":\"ImageObject\",\"inLanguage\":\"pt-BR\",\"@id\":\"https:\\\/\\\/stradamob.com\\\/home\\\/wp-content\\\/litespeed\\\/avatar\\\/5fad99d439f90edc1eb2042219ccc819.jpg?ver=1787844632\",\"url\":\"https:\\\/\\\/stradamob.com\\\/home\\\/wp-content\\\/litespeed\\\/avatar\\\/5fad99d439f90edc1eb2042219ccc819.jpg?ver=1787844632\",\"contentUrl\":\"https:\\\/\\\/stradamob.com\\\/home\\\/wp-content\\\/litespeed\\\/avatar\\\/5fad99d439f90edc1eb2042219ccc819.jpg?ver=1787844632\",\"caption\":\"stradamob\"},\"url\":\"https:\\\/\\\/stradamob.com\\\/home\\\/author\\\/stradamob\\\/\"}]}<\/script>\n<!-- \/ Yoast SEO plugin. -->","yoast_head_json":{"title":"Dia do Motorista - Strada Mob","robots":{"index":"index","follow":"follow","max-snippet":"max-snippet:-1","max-image-preview":"max-image-preview:large","max-video-preview":"max-video-preview:-1"},"canonical":"https:\/\/stradamob.com\/home\/dia-do-motorista\/","og_locale":"pt_BR","og_type":"article","og_title":"Dia do Motorista - Strada Mob","og_description":"No \u00faltimo s\u00e1bado celebramos o Dia do Motorista, uma data que vai muito al\u00e9m de uma homenagem. Ela nos lembra da import\u00e2ncia dos profissionais que garantem que milhares de pessoas cheguem ao seu destino com seguran\u00e7a, pontualidade e confian\u00e7a. No transporte corporativo, cada trajeto representa um compromisso com a produtividade das empresas e com o [&hellip;]","og_url":"https:\/\/stradamob.com\/home\/dia-do-motorista\/","og_site_name":"Strada Mob","article_published_time":"2026-07-27T12:34:29+00:00","og_image":[{"width":1080,"height":1350,"url":"https:\/\/stradamob.com\/home\/wp-content\/uploads\/2026\/07\/FEED-STRADA-MOB.png","type":"image\/png"}],"author":"stradamob","twitter_card":"summary_large_image","twitter_misc":{"Escrito por":"stradamob","Est. tempo de leitura":"2 minutos"},"schema":{"@context":"https:\/\/schema.org","@graph":[{"@type":"Article","@id":"https:\/\/stradamob.com\/home\/dia-do-motorista\/#article","isPartOf":{"@id":"https:\/\/stradamob.com\/home\/dia-do-motorista\/"},"author":{"name":"stradamob","@id":"https:\/\/stradamob.com\/home\/#\/schema\/person\/9e1b208ad20eac4aced2dbc5db6c95fe"},"headline":"Dia do Motorista","datePublished":"2026-07-27T12:34:29+00:00","mainEntityOfPage":{"@id":"https:\/\/stradamob.com\/home\/dia-do-motorista\/"},"wordCount":152,"publisher":{"@id":"https:\/\/stradamob.com\/home\/#organization"},"image":{"@id":"https:\/\/stradamob.com\/home\/dia-do-motorista\/#primaryimage"},"thumbnailUrl":"https:\/\/stradamob.com\/home\/wp-content\/uploads\/2026\/07\/FEED-STRADA-MOB.png","inLanguage":"pt-BR"},{"@type":"WebPage","@id":"https:\/\/stradamob.com\/home\/dia-do-motorista\/","url":"https:\/\/stradamob.com\/home\/dia-do-motorista\/","name":"Dia do Motorista - Strada Mob","isPartOf":{"@id":"https:\/\/stradamob.com\/home\/#website"},"primaryImageOfPage":{"@id":"https:\/\/stradamob.com\/home\/dia-do-motorista\/#primaryimage"},"image":{"@id":"https:\/\/stradamob.com\/home\/dia-do-motorista\/#primaryimage"},"thumbnailUrl":"https:\/\/stradamob.com\/home\/wp-content\/uploads\/2026\/07\/FEED-STRADA-MOB.png","datePublished":"2026-07-27T12:34:29+00:00","breadcrumb":{"@id":"https:\/\/stradamob.com\/home\/dia-do-motorista\/#breadcrumb"},"inLanguage":"pt-BR","potentialAction":[{"@type":"ReadAction","target":["https:\/\/stradamob.com\/home\/dia-do-motorista\/"]}]},{"@type":"ImageObject","inLanguage":"pt-BR","@id":"https:\/\/stradamob.com\/home\/dia-do-motorista\/#primaryimage","url":"https:\/\/stradamob.com\/home\/wp-content\/uploads\/2026\/07\/FEED-STRADA-MOB.png","contentUrl":"https:\/\/stradamob.com\/home\/wp-content\/uploads\/2026\/07\/FEED-STRADA-MOB.png","width":1080,"height":1350},{"@type":"BreadcrumbList","@id":"https:\/\/stradamob.com\/home\/dia-do-motorista\/#breadcrumb","itemListElement":[{"@type":"ListItem","position":1,"name":"In\u00edcio","item":"https:\/\/stradamob.com\/home\/"},{"@type":"ListItem","position":2,"name":"Dia do Motorista"}]},{"@type":"WebSite","@id":"https:\/\/stradamob.com\/home\/#website","url":"https:\/\/stradamob.com\/home\/","name":"Strada Mod","description":"Solu\u00e7\u00f5es em transporte.","publisher":{"@id":"https:\/\/stradamob.com\/home\/#organization"},"potentialAction":[{"@type":"SearchAction","target":{"@type":"EntryPoint","urlTemplate":"https:\/\/stradamob.com\/home\/?s={search_term_string}"},"query-input":{"@type":"PropertyValueSpecification","valueRequired":true,"valueName":"search_term_string"}}],"inLanguage":"pt-BR"},{"@type":"Organization","@id":"https:\/\/stradamob.com\/home\/#organization","name":"Strada Mod","url":"https:\/\/stradamob.com\/home\/","logo":{"@type":"ImageObject","inLanguage":"pt-BR","@id":"https:\/\/stradamob.com\/home\/#\/schema\/logo\/image\/","url":"https:\/\/stradamob.com\/home\/wp-content\/uploads\/2025\/08\/android-chrome-512x512-1.png","contentUrl":"https:\/\/stradamob.com\/home\/wp-content\/uploads\/2025\/08\/android-chrome-512x512-1.png","width":512,"height":512,"caption":"Strada Mod"},"image":{"@id":"https:\/\/stradamob.com\/home\/#\/schema\/logo\/image\/"}},{"@type":"Person","@id":"https:\/\/stradamob.com\/home\/#\/schema\/person\/9e1b208ad20eac4aced2dbc5db6c95fe","name":"stradamob","image":{"@type":"ImageObject","inLanguage":"pt-BR","@id":"https:\/\/stradamob.com\/home\/wp-content\/litespeed\/avatar\/5fad99d439f90edc1eb2042219ccc819.jpg?ver=1787844632","url":"https:\/\/stradamob.com\/home\/wp-content\/litespeed\/avatar\/5fad99d439f90edc1eb2042219ccc819.jpg?ver=1787844632","contentUrl":"https:\/\/stradamob.com\/home\/wp-content\/litespeed\/avatar\/5fad99d439f90edc1eb2042219ccc819.jpg?ver=1787844632","caption":"stradamob"},"url":"https:\/\/stradamob.com\/home\/author\/stradamob\/"}]}},"_links":{"self":[{"href":"https:\/\/stradamob.com\/home\/wp-json\/wp\/v2\/posts\/845","targetHints":{"allow":["GET"]}}],"collection":[{"href":"https:\/\/stradamob.com\/home\/wp-json\/wp\/v2\/posts"}],"about":[{"href":"https:\/\/stradamob.com\/home\/wp-json\/wp\/v2\/types\/post"}],"author":[{"embeddable":true,"href":"https:\/\/stradamob.com\/home\/wp-json\/wp\/v2\/users\/2"}],"replies":[{"embeddable":true,"href":"https:\/\/stradamob.com\/home\/wp-json\/wp\/v2\/comments?post=845"}],"version-history":[{"count":1,"href":"https:\/\/stradamob.com\/home\/wp-json\/wp\/v2\/posts\/845\/revisions"}],"predecessor-version":[{"id":847,"href":"https:\/\/stradamob.com\/home\/wp-json\/wp\/v2\/posts\/845\/revisions\/847"}],"wp:featuredmedia":[{"embeddable":true,"href":"https:\/\/stradamob.com\/home\/wp-json\/wp\/v2\/media\/846"}],"wp:attachment":[{"href":"https:\/\/stradamob.com\/home\/wp-json\/wp\/v2\/media?parent=845"}],"wp:term":[{"taxonomy":"category","embeddable":true,"href":"https:\/\/stradamob.com\/home\/wp-json\/wp\/v2\/categories?post=845"},{"taxonomy":"post_tag","embeddable":true,"href":"https:\/\/stradamob.com\/home\/wp-json\/wp\/v2\/tags?post=845"}],"curies":[{"name":"wp","href":"https:\/\/api.w.org\/{rel}","templated":true}]}}