{"id":870,"date":"2026-08-25T14:12:30","date_gmt":"2026-08-25T17:12:30","guid":{"rendered":"https:\/\/stradamob.com\/home\/?p=870"},"modified":"2026-08-27T08:00:59","modified_gmt":"2026-08-27T11:00:59","slug":"transporte-de-trabalhadores-no-agro-6-pontos-criticos-que-exigem-atencao","status":"publish","type":"post","link":"https:\/\/stradamob.com\/home\/transporte-de-trabalhadores-no-agro-6-pontos-criticos-que-exigem-atencao\/","title":{"rendered":"Transporte de trabalhadores no agro: 6 pontos cr\u00edticos que exigem aten\u00e7\u00e3o\u00a0"},"content":{"rendered":"\n<p class=\"wp-block-paragraph\"><strong>Seguran\u00e7a, pontualidade e planejamento transformam o transporte de colaboradores em uma pe\u00e7a estrat\u00e9gica para o agroneg\u00f3cio.<\/strong>&nbsp;<\/p>\n\n\n\n<p class=\"wp-block-paragraph\">No agroneg\u00f3cio, produtividade come\u00e7a muito antes de uma m\u00e1quina entrar em opera\u00e7\u00e3o ou de uma equipe chegar ao campo.&nbsp;<\/p>\n\n\n\n<p class=\"wp-block-paragraph\">Em muitas opera\u00e7\u00f5es, o dia come\u00e7a ainda de madrugada, com trabalhadores percorrendo longas dist\u00e2ncias at\u00e9 fazendas, planta\u00e7\u00f5es e unidades produtivas. Nesse cen\u00e1rio, o transporte de colaboradores deixa de ser apenas uma necessidade log\u00edstica e passa a fazer parte da estrat\u00e9gia de&nbsp;<strong>seguran\u00e7a, produtividade e continuidade operacional<\/strong>.&nbsp;<\/p>\n\n\n\n<p class=\"wp-block-paragraph\">A pr\u00f3pria&nbsp;<strong>Norma Regulamentadora n\u00ba 31 (NR-31)<\/strong>&nbsp;estabelece requisitos espec\u00edficos para o transporte coletivo de trabalhadores rurais, incluindo condi\u00e7\u00f5es dos ve\u00edculos, habilita\u00e7\u00e3o dos motoristas, seguran\u00e7a dos passageiros e manuten\u00e7\u00e3o adequada.&nbsp;<\/p>\n\n\n\n<p class=\"wp-block-paragraph\">Mas, na pr\u00e1tica, quais s\u00e3o os principais desafios?&nbsp;<\/p>\n\n\n\n<h2 class=\"wp-block-heading\"><strong>1. Seguran\u00e7a em primeiro lugar<\/strong>&nbsp;<\/h2>\n\n\n\n<p class=\"wp-block-paragraph\">Transportar trabalhadores significa transportar vidas.&nbsp;<\/p>\n\n\n\n<p class=\"wp-block-paragraph\">No campo, os riscos podem ser ampliados pelas longas dist\u00e2ncias, estradas n\u00e3o pavimentadas, condi\u00e7\u00f5es clim\u00e1ticas e acessos de dif\u00edcil circula\u00e7\u00e3o.&nbsp;<\/p>\n\n\n\n<p class=\"wp-block-paragraph\">A Organiza\u00e7\u00e3o Internacional do Trabalho (OIT) considera a agricultura uma das atividades com maior exposi\u00e7\u00e3o a riscos ocupacionais, incluindo aqueles relacionados a ve\u00edculos e m\u00e1quinas.&nbsp;<\/p>\n\n\n\n<p class=\"wp-block-paragraph\">Por isso, seguran\u00e7a precisa estar presente em cada etapa:&nbsp;<strong>da escolha do ve\u00edculo ao planejamento da rota.<\/strong>&nbsp;<\/p>\n\n\n\n<h2 class=\"wp-block-heading\"><strong>2. Rotas que acompanham a realidade do campo<\/strong>&nbsp;<\/h2>\n\n\n\n<p class=\"wp-block-paragraph\">No ambiente rural, o trajeto raramente \u00e9 simples.&nbsp;<\/p>\n\n\n\n<p class=\"wp-block-paragraph\">Estradas de terra, per\u00edodos de chuva, mudan\u00e7as de acesso e grandes dist\u00e2ncias exigem planejamento constante. A rota mais curta nem sempre \u00e9 a mais segura ou eficiente.&nbsp;<\/p>\n\n\n\n<p class=\"wp-block-paragraph\">\u00c9 necess\u00e1rio avaliar&nbsp;<strong>tempo, condi\u00e7\u00f5es da via, hor\u00e1rios, pontos de embarque e alternativas para situa\u00e7\u00f5es imprevistas<\/strong>.&nbsp;<\/p>\n\n\n\n<p class=\"wp-block-paragraph\">Uma boa rota n\u00e3o \u00e9 apenas aquela que economiza quil\u00f4metros.&nbsp;<\/p>\n\n\n\n<p class=\"wp-block-paragraph\">\u00c9 aquela que proporciona&nbsp;<strong>seguran\u00e7a e previsibilidade<\/strong>.&nbsp;<\/p>\n\n\n\n<h2 class=\"wp-block-heading\"><strong>3. Frota preparada para a opera\u00e7\u00e3o<\/strong>&nbsp;<\/h2>\n\n\n\n<p class=\"wp-block-paragraph\">Ve\u00edculo parado significa equipe parada.&nbsp;<\/p>\n\n\n\n<p class=\"wp-block-paragraph\">Por isso, manuten\u00e7\u00e3o preventiva e acompanhamento da frota s\u00e3o fundamentais para reduzir imprevistos e preservar a seguran\u00e7a dos passageiros.&nbsp;<\/p>\n\n\n\n<p class=\"wp-block-paragraph\">A NR-31 estabelece requisitos para os ve\u00edculos destinados ao transporte coletivo de trabalhadores rurais, refor\u00e7ando a necessidade de condi\u00e7\u00f5es adequadas para esse tipo de opera\u00e7\u00e3o.&nbsp;<\/p>\n\n\n\n<p class=\"wp-block-paragraph\">No agro, portanto, n\u00e3o basta ter ve\u00edculos dispon\u00edveis.&nbsp;<\/p>\n\n\n\n<p class=\"wp-block-paragraph\">\u00c9 preciso ter&nbsp;<strong>ve\u00edculos preparados para a realidade da opera\u00e7\u00e3o<\/strong>.&nbsp;<\/p>\n\n\n\n<h2 class=\"wp-block-heading\"><strong>4. Motoristas capacitados<\/strong>&nbsp;<\/h2>\n\n\n\n<p class=\"wp-block-paragraph\">O motorista est\u00e1 na linha de frente do transporte.&nbsp;<\/p>\n\n\n\n<p class=\"wp-block-paragraph\">Al\u00e9m de conduzir o ve\u00edculo, ele precisa lidar diariamente com diferentes condi\u00e7\u00f5es de estrada, clima, tr\u00e1fego e situa\u00e7\u00f5es inesperadas.&nbsp;<\/p>\n\n\n\n<p class=\"wp-block-paragraph\">A NR-31 determina que o transporte coletivo de trabalhadores seja realizado por&nbsp;<strong>motorista habilitado e devidamente identificado<\/strong>.&nbsp;<\/p>\n\n\n\n<p class=\"wp-block-paragraph\">Capacita\u00e7\u00e3o, responsabilidade e dire\u00e7\u00e3o segura s\u00e3o, portanto, elementos indispens\u00e1veis.&nbsp;<\/p>\n\n\n\n<p class=\"wp-block-paragraph\"><strong>Quem conduz a equipe tamb\u00e9m faz parte da estrat\u00e9gia de seguran\u00e7a da empresa.<\/strong>&nbsp;<\/p>\n\n\n\n<h2 class=\"wp-block-heading\"><strong>5. Pontualidade tamb\u00e9m \u00e9 produtividade<\/strong>&nbsp;<\/h2>\n\n\n\n<p class=\"wp-block-paragraph\">No agroneg\u00f3cio, atraso pode significar impacto direto na opera\u00e7\u00e3o.&nbsp;<\/p>\n\n\n\n<p class=\"wp-block-paragraph\">Uma equipe que n\u00e3o chega no hor\u00e1rio pode comprometer turnos, cronogramas e atividades planejadas.&nbsp;<\/p>\n\n\n\n<p class=\"wp-block-paragraph\">\u00c9 por isso que o transporte precisa estar integrado \u00e0 rotina produtiva.&nbsp;<\/p>\n\n\n\n<p class=\"wp-block-paragraph\">Quando rotas, hor\u00e1rios e equipes s\u00e3o planejados de forma estrat\u00e9gica, a mobilidade contribui para que o trabalhador esteja&nbsp;<strong>no lugar certo, no momento certo<\/strong>.&nbsp;<\/p>\n\n\n\n<h2 class=\"wp-block-heading\"><strong>6. Gest\u00e3o e monitoramento<\/strong>&nbsp;<\/h2>\n\n\n\n<p class=\"wp-block-paragraph\">Quanto maior a opera\u00e7\u00e3o, maior a necessidade de controle.&nbsp;<\/p>\n\n\n\n<p class=\"wp-block-paragraph\">Monitoramento de rotas, manuten\u00e7\u00e3o preventiva, acompanhamento da frota, gest\u00e3o de hor\u00e1rios e comunica\u00e7\u00e3o eficiente permitem identificar problemas antes que eles comprometam a opera\u00e7\u00e3o.&nbsp;<\/p>\n\n\n\n<p class=\"wp-block-paragraph\">A tecnologia, nesse cen\u00e1rio, torna-se uma aliada da gest\u00e3o.&nbsp;<\/p>\n\n\n\n<p class=\"wp-block-paragraph\">Porque&nbsp;<strong>transportar melhor tamb\u00e9m significa ter mais controle sobre a opera\u00e7\u00e3o.<\/strong>&nbsp;<\/p>\n\n\n\n<p class=\"wp-block-paragraph\">A&nbsp;<strong>Strada&nbsp;Mob<\/strong>&nbsp;atua com solu\u00e7\u00f5es de fretamento cont\u00ednuo e transporte de colaboradores, incluindo opera\u00e7\u00f5es voltadas ao agroneg\u00f3cio. A empresa trabalha com planejamento de rotas, gest\u00e3o operacional e diferentes modelos de ve\u00edculos para atender \u00e0s necessidades espec\u00edficas de cada opera\u00e7\u00e3o.&nbsp;<\/p>\n\n\n\n<p class=\"wp-block-paragraph\">Porque cada fazenda tem uma realidade.&nbsp;<\/p>\n\n\n\n<p class=\"wp-block-paragraph\">Cada equipe possui uma rotina.&nbsp;<\/p>\n\n\n\n<p class=\"wp-block-paragraph\">E cada opera\u00e7\u00e3o exige um planejamento diferente.&nbsp;<\/p>\n\n\n\n<p class=\"wp-block-paragraph\"><strong>Strada Mob. Mobilidade que conecta pessoas, opera\u00e7\u00f5es e resultados.<\/strong>&nbsp;<\/p>\n\n\n\n<h3 class=\"wp-block-heading\"><strong>Refer\u00eancias<\/strong>&nbsp;<\/h3>\n\n\n\n<p class=\"wp-block-paragraph\">BRASIL. Minist\u00e9rio do Trabalho e Emprego.&nbsp;<strong>Norma Regulamentadora n\u00ba 31 \u2013 Seguran\u00e7a e Sa\u00fade no Trabalho na Agricultura, Pecu\u00e1ria, Silvicultura, Explora\u00e7\u00e3o Florestal e Aquicultura<\/strong>. Bras\u00edlia, DF: MTE, 2024.&nbsp;<\/p>\n\n\n\n<p class=\"wp-block-paragraph\">INSTITUTO BRASILEIRO DE GEOGRAFIA E ESTAT\u00cdSTICA (IBGE).&nbsp;<strong>Censo Agropecu\u00e1rio 2017: popula\u00e7\u00e3o ocupada nos estabelecimentos agropecu\u00e1rios<\/strong>. Rio de Janeiro: IBGE, 2019.&nbsp;<\/p>\n\n\n\n<p class=\"wp-block-paragraph\">INTERNATIONAL LABOUR ORGANIZATION (ILO).&nbsp;<strong>Safety&nbsp;and&nbsp;health&nbsp;in&nbsp;agriculture<\/strong>. Geneva: ILO.&nbsp;<\/p>\n","protected":false},"excerpt":{"rendered":"<p>Seguran\u00e7a, pontualidade e planejamento transformam o transporte de colaboradores em uma pe\u00e7a estrat\u00e9gica para o agroneg\u00f3cio.&nbsp; No agroneg\u00f3cio, produtividade come\u00e7a muito antes de uma m\u00e1quina entrar em opera\u00e7\u00e3o ou de uma equipe chegar ao campo.&nbsp; Em muitas opera\u00e7\u00f5es, o dia come\u00e7a ainda de madrugada, com trabalhadores percorrendo longas dist\u00e2ncias at\u00e9 fazendas, planta\u00e7\u00f5es e unidades produtivas. [&hellip;]<\/p>\n","protected":false},"author":2,"featured_media":873,"comment_status":"closed","ping_status":"closed","sticky":false,"template":"","format":"standard","meta":{"footnotes":""},"categories":[1],"tags":[],"class_list":["post-870","post","type-post","status-publish","format-standard","has-post-thumbnail","hentry","category-sem-categoria"],"acf":[],"yoast_head":"<!-- This site is optimized with the Yoast SEO plugin v27.3 - https:\/\/yoast.com\/product\/yoast-seo-wordpress\/ -->\n<title>Transporte de trabalhadores no agro: 6 pontos cr\u00edticos que exigem aten\u00e7\u00e3o\u00a0 - Strada Mob<\/title>\n<meta name=\"robots\" content=\"index, follow, max-snippet:-1, max-image-preview:large, max-video-preview:-1\" \/>\n<link rel=\"canonical\" href=\"https:\/\/stradamob.com\/home\/transporte-de-trabalhadores-no-agro-6-pontos-criticos-que-exigem-atencao\/\" \/>\n<meta property=\"og:locale\" content=\"pt_BR\" \/>\n<meta property=\"og:type\" content=\"article\" \/>\n<meta property=\"og:title\" content=\"Transporte de trabalhadores no agro: 6 pontos cr\u00edticos que exigem aten\u00e7\u00e3o\u00a0 - Strada Mob\" \/>\n<meta property=\"og:description\" content=\"Seguran\u00e7a, pontualidade e planejamento transformam o transporte de colaboradores em uma pe\u00e7a estrat\u00e9gica para o agroneg\u00f3cio.&nbsp; No agroneg\u00f3cio, produtividade come\u00e7a muito antes de uma m\u00e1quina entrar em opera\u00e7\u00e3o ou de uma equipe chegar ao campo.&nbsp; Em muitas opera\u00e7\u00f5es, o dia come\u00e7a ainda de madrugada, com trabalhadores percorrendo longas dist\u00e2ncias at\u00e9 fazendas, planta\u00e7\u00f5es e unidades produtivas. [&hellip;]\" \/>\n<meta property=\"og:url\" content=\"https:\/\/stradamob.com\/home\/transporte-de-trabalhadores-no-agro-6-pontos-criticos-que-exigem-atencao\/\" \/>\n<meta property=\"og:site_name\" content=\"Strada Mob\" \/>\n<meta property=\"article:published_time\" content=\"2026-08-25T17:12:30+00:00\" \/>\n<meta property=\"article:modified_time\" content=\"2026-08-27T11:00:59+00:00\" \/>\n<meta property=\"og:image\" content=\"https:\/\/stradamob.com\/home\/wp-content\/uploads\/2026\/08\/MG_2747.jpg\" \/>\n\t<meta property=\"og:image:width\" content=\"1024\" \/>\n\t<meta property=\"og:image:height\" content=\"754\" \/>\n\t<meta property=\"og:image:type\" content=\"image\/jpeg\" \/>\n<meta name=\"author\" content=\"stradamob\" \/>\n<meta name=\"twitter:card\" content=\"summary_large_image\" \/>\n<meta name=\"twitter:label1\" content=\"Escrito por\" \/>\n\t<meta name=\"twitter:data1\" content=\"stradamob\" \/>\n\t<meta name=\"twitter:label2\" content=\"Est. tempo de leitura\" \/>\n\t<meta name=\"twitter:data2\" content=\"4 minutos\" \/>\n<script type=\"application\/ld+json\" class=\"yoast-schema-graph\">{\"@context\":\"https:\\\/\\\/schema.org\",\"@graph\":[{\"@type\":\"Article\",\"@id\":\"https:\\\/\\\/stradamob.com\\\/home\\\/transporte-de-trabalhadores-no-agro-6-pontos-criticos-que-exigem-atencao\\\/#article\",\"isPartOf\":{\"@id\":\"https:\\\/\\\/stradamob.com\\\/home\\\/transporte-de-trabalhadores-no-agro-6-pontos-criticos-que-exigem-atencao\\\/\"},\"author\":{\"name\":\"stradamob\",\"@id\":\"https:\\\/\\\/stradamob.com\\\/home\\\/#\\\/schema\\\/person\\\/9e1b208ad20eac4aced2dbc5db6c95fe\"},\"headline\":\"Transporte de trabalhadores no agro: 6 pontos cr\u00edticos que exigem aten\u00e7\u00e3o\u00a0\",\"datePublished\":\"2026-08-25T17:12:30+00:00\",\"dateModified\":\"2026-08-27T11:00:59+00:00\",\"mainEntityOfPage\":{\"@id\":\"https:\\\/\\\/stradamob.com\\\/home\\\/transporte-de-trabalhadores-no-agro-6-pontos-criticos-que-exigem-atencao\\\/\"},\"wordCount\":829,\"publisher\":{\"@id\":\"https:\\\/\\\/stradamob.com\\\/home\\\/#organization\"},\"image\":{\"@id\":\"https:\\\/\\\/stradamob.com\\\/home\\\/transporte-de-trabalhadores-no-agro-6-pontos-criticos-que-exigem-atencao\\\/#primaryimage\"},\"thumbnailUrl\":\"https:\\\/\\\/stradamob.com\\\/home\\\/wp-content\\\/uploads\\\/2026\\\/08\\\/MG_2747.jpg\",\"inLanguage\":\"pt-BR\"},{\"@type\":\"WebPage\",\"@id\":\"https:\\\/\\\/stradamob.com\\\/home\\\/transporte-de-trabalhadores-no-agro-6-pontos-criticos-que-exigem-atencao\\\/\",\"url\":\"https:\\\/\\\/stradamob.com\\\/home\\\/transporte-de-trabalhadores-no-agro-6-pontos-criticos-que-exigem-atencao\\\/\",\"name\":\"Transporte de trabalhadores no agro: 6 pontos cr\u00edticos que exigem aten\u00e7\u00e3o\u00a0 - Strada Mob\",\"isPartOf\":{\"@id\":\"https:\\\/\\\/stradamob.com\\\/home\\\/#website\"},\"primaryImageOfPage\":{\"@id\":\"https:\\\/\\\/stradamob.com\\\/home\\\/transporte-de-trabalhadores-no-agro-6-pontos-criticos-que-exigem-atencao\\\/#primaryimage\"},\"image\":{\"@id\":\"https:\\\/\\\/stradamob.com\\\/home\\\/transporte-de-trabalhadores-no-agro-6-pontos-criticos-que-exigem-atencao\\\/#primaryimage\"},\"thumbnailUrl\":\"https:\\\/\\\/stradamob.com\\\/home\\\/wp-content\\\/uploads\\\/2026\\\/08\\\/MG_2747.jpg\",\"datePublished\":\"2026-08-25T17:12:30+00:00\",\"dateModified\":\"2026-08-27T11:00:59+00:00\",\"breadcrumb\":{\"@id\":\"https:\\\/\\\/stradamob.com\\\/home\\\/transporte-de-trabalhadores-no-agro-6-pontos-criticos-que-exigem-atencao\\\/#breadcrumb\"},\"inLanguage\":\"pt-BR\",\"potentialAction\":[{\"@type\":\"ReadAction\",\"target\":[\"https:\\\/\\\/stradamob.com\\\/home\\\/transporte-de-trabalhadores-no-agro-6-pontos-criticos-que-exigem-atencao\\\/\"]}]},{\"@type\":\"ImageObject\",\"inLanguage\":\"pt-BR\",\"@id\":\"https:\\\/\\\/stradamob.com\\\/home\\\/transporte-de-trabalhadores-no-agro-6-pontos-criticos-que-exigem-atencao\\\/#primaryimage\",\"url\":\"https:\\\/\\\/stradamob.com\\\/home\\\/wp-content\\\/uploads\\\/2026\\\/08\\\/MG_2747.jpg\",\"contentUrl\":\"https:\\\/\\\/stradamob.com\\\/home\\\/wp-content\\\/uploads\\\/2026\\\/08\\\/MG_2747.jpg\",\"width\":1024,\"height\":754},{\"@type\":\"BreadcrumbList\",\"@id\":\"https:\\\/\\\/stradamob.com\\\/home\\\/transporte-de-trabalhadores-no-agro-6-pontos-criticos-que-exigem-atencao\\\/#breadcrumb\",\"itemListElement\":[{\"@type\":\"ListItem\",\"position\":1,\"name\":\"In\u00edcio\",\"item\":\"https:\\\/\\\/stradamob.com\\\/home\\\/\"},{\"@type\":\"ListItem\",\"position\":2,\"name\":\"Transporte de trabalhadores no agro: 6 pontos cr\u00edticos que exigem aten\u00e7\u00e3o\u00a0\"}]},{\"@type\":\"WebSite\",\"@id\":\"https:\\\/\\\/stradamob.com\\\/home\\\/#website\",\"url\":\"https:\\\/\\\/stradamob.com\\\/home\\\/\",\"name\":\"Strada Mod\",\"description\":\"Solu\u00e7\u00f5es em transporte.\",\"publisher\":{\"@id\":\"https:\\\/\\\/stradamob.com\\\/home\\\/#organization\"},\"potentialAction\":[{\"@type\":\"SearchAction\",\"target\":{\"@type\":\"EntryPoint\",\"urlTemplate\":\"https:\\\/\\\/stradamob.com\\\/home\\\/?s={search_term_string}\"},\"query-input\":{\"@type\":\"PropertyValueSpecification\",\"valueRequired\":true,\"valueName\":\"search_term_string\"}}],\"inLanguage\":\"pt-BR\"},{\"@type\":\"Organization\",\"@id\":\"https:\\\/\\\/stradamob.com\\\/home\\\/#organization\",\"name\":\"Strada Mod\",\"url\":\"https:\\\/\\\/stradamob.com\\\/home\\\/\",\"logo\":{\"@type\":\"ImageObject\",\"inLanguage\":\"pt-BR\",\"@id\":\"https:\\\/\\\/stradamob.com\\\/home\\\/#\\\/schema\\\/logo\\\/image\\\/\",\"url\":\"https:\\\/\\\/stradamob.com\\\/home\\\/wp-content\\\/uploads\\\/2025\\\/08\\\/android-chrome-512x512-1.png\",\"contentUrl\":\"https:\\\/\\\/stradamob.com\\\/home\\\/wp-content\\\/uploads\\\/2025\\\/08\\\/android-chrome-512x512-1.png\",\"width\":512,\"height\":512,\"caption\":\"Strada Mod\"},\"image\":{\"@id\":\"https:\\\/\\\/stradamob.com\\\/home\\\/#\\\/schema\\\/logo\\\/image\\\/\"}},{\"@type\":\"Person\",\"@id\":\"https:\\\/\\\/stradamob.com\\\/home\\\/#\\\/schema\\\/person\\\/9e1b208ad20eac4aced2dbc5db6c95fe\",\"name\":\"stradamob\",\"image\":{\"@type\":\"ImageObject\",\"inLanguage\":\"pt-BR\",\"@id\":\"https:\\\/\\\/stradamob.com\\\/home\\\/wp-content\\\/litespeed\\\/avatar\\\/5fad99d439f90edc1eb2042219ccc819.jpg?ver=1787844632\",\"url\":\"https:\\\/\\\/stradamob.com\\\/home\\\/wp-content\\\/litespeed\\\/avatar\\\/5fad99d439f90edc1eb2042219ccc819.jpg?ver=1787844632\",\"contentUrl\":\"https:\\\/\\\/stradamob.com\\\/home\\\/wp-content\\\/litespeed\\\/avatar\\\/5fad99d439f90edc1eb2042219ccc819.jpg?ver=1787844632\",\"caption\":\"stradamob\"},\"url\":\"https:\\\/\\\/stradamob.com\\\/home\\\/author\\\/stradamob\\\/\"}]}<\/script>\n<!-- \/ Yoast SEO plugin. -->","yoast_head_json":{"title":"Transporte de trabalhadores no agro: 6 pontos cr\u00edticos que exigem aten\u00e7\u00e3o\u00a0 - Strada Mob","robots":{"index":"index","follow":"follow","max-snippet":"max-snippet:-1","max-image-preview":"max-image-preview:large","max-video-preview":"max-video-preview:-1"},"canonical":"https:\/\/stradamob.com\/home\/transporte-de-trabalhadores-no-agro-6-pontos-criticos-que-exigem-atencao\/","og_locale":"pt_BR","og_type":"article","og_title":"Transporte de trabalhadores no agro: 6 pontos cr\u00edticos que exigem aten\u00e7\u00e3o\u00a0 - Strada Mob","og_description":"Seguran\u00e7a, pontualidade e planejamento transformam o transporte de colaboradores em uma pe\u00e7a estrat\u00e9gica para o agroneg\u00f3cio.&nbsp; No agroneg\u00f3cio, produtividade come\u00e7a muito antes de uma m\u00e1quina entrar em opera\u00e7\u00e3o ou de uma equipe chegar ao campo.&nbsp; Em muitas opera\u00e7\u00f5es, o dia come\u00e7a ainda de madrugada, com trabalhadores percorrendo longas dist\u00e2ncias at\u00e9 fazendas, planta\u00e7\u00f5es e unidades produtivas. [&hellip;]","og_url":"https:\/\/stradamob.com\/home\/transporte-de-trabalhadores-no-agro-6-pontos-criticos-que-exigem-atencao\/","og_site_name":"Strada Mob","article_published_time":"2026-08-25T17:12:30+00:00","article_modified_time":"2026-08-27T11:00:59+00:00","og_image":[{"width":1024,"height":754,"url":"https:\/\/stradamob.com\/home\/wp-content\/uploads\/2026\/08\/MG_2747.jpg","type":"image\/jpeg"}],"author":"stradamob","twitter_card":"summary_large_image","twitter_misc":{"Escrito por":"stradamob","Est. tempo de leitura":"4 minutos"},"schema":{"@context":"https:\/\/schema.org","@graph":[{"@type":"Article","@id":"https:\/\/stradamob.com\/home\/transporte-de-trabalhadores-no-agro-6-pontos-criticos-que-exigem-atencao\/#article","isPartOf":{"@id":"https:\/\/stradamob.com\/home\/transporte-de-trabalhadores-no-agro-6-pontos-criticos-que-exigem-atencao\/"},"author":{"name":"stradamob","@id":"https:\/\/stradamob.com\/home\/#\/schema\/person\/9e1b208ad20eac4aced2dbc5db6c95fe"},"headline":"Transporte de trabalhadores no agro: 6 pontos cr\u00edticos que exigem aten\u00e7\u00e3o\u00a0","datePublished":"2026-08-25T17:12:30+00:00","dateModified":"2026-08-27T11:00:59+00:00","mainEntityOfPage":{"@id":"https:\/\/stradamob.com\/home\/transporte-de-trabalhadores-no-agro-6-pontos-criticos-que-exigem-atencao\/"},"wordCount":829,"publisher":{"@id":"https:\/\/stradamob.com\/home\/#organization"},"image":{"@id":"https:\/\/stradamob.com\/home\/transporte-de-trabalhadores-no-agro-6-pontos-criticos-que-exigem-atencao\/#primaryimage"},"thumbnailUrl":"https:\/\/stradamob.com\/home\/wp-content\/uploads\/2026\/08\/MG_2747.jpg","inLanguage":"pt-BR"},{"@type":"WebPage","@id":"https:\/\/stradamob.com\/home\/transporte-de-trabalhadores-no-agro-6-pontos-criticos-que-exigem-atencao\/","url":"https:\/\/stradamob.com\/home\/transporte-de-trabalhadores-no-agro-6-pontos-criticos-que-exigem-atencao\/","name":"Transporte de trabalhadores no agro: 6 pontos cr\u00edticos que exigem aten\u00e7\u00e3o\u00a0 - Strada Mob","isPartOf":{"@id":"https:\/\/stradamob.com\/home\/#website"},"primaryImageOfPage":{"@id":"https:\/\/stradamob.com\/home\/transporte-de-trabalhadores-no-agro-6-pontos-criticos-que-exigem-atencao\/#primaryimage"},"image":{"@id":"https:\/\/stradamob.com\/home\/transporte-de-trabalhadores-no-agro-6-pontos-criticos-que-exigem-atencao\/#primaryimage"},"thumbnailUrl":"https:\/\/stradamob.com\/home\/wp-content\/uploads\/2026\/08\/MG_2747.jpg","datePublished":"2026-08-25T17:12:30+00:00","dateModified":"2026-08-27T11:00:59+00:00","breadcrumb":{"@id":"https:\/\/stradamob.com\/home\/transporte-de-trabalhadores-no-agro-6-pontos-criticos-que-exigem-atencao\/#breadcrumb"},"inLanguage":"pt-BR","potentialAction":[{"@type":"ReadAction","target":["https:\/\/stradamob.com\/home\/transporte-de-trabalhadores-no-agro-6-pontos-criticos-que-exigem-atencao\/"]}]},{"@type":"ImageObject","inLanguage":"pt-BR","@id":"https:\/\/stradamob.com\/home\/transporte-de-trabalhadores-no-agro-6-pontos-criticos-que-exigem-atencao\/#primaryimage","url":"https:\/\/stradamob.com\/home\/wp-content\/uploads\/2026\/08\/MG_2747.jpg","contentUrl":"https:\/\/stradamob.com\/home\/wp-content\/uploads\/2026\/08\/MG_2747.jpg","width":1024,"height":754},{"@type":"BreadcrumbList","@id":"https:\/\/stradamob.com\/home\/transporte-de-trabalhadores-no-agro-6-pontos-criticos-que-exigem-atencao\/#breadcrumb","itemListElement":[{"@type":"ListItem","position":1,"name":"In\u00edcio","item":"https:\/\/stradamob.com\/home\/"},{"@type":"ListItem","position":2,"name":"Transporte de trabalhadores no agro: 6 pontos cr\u00edticos que exigem aten\u00e7\u00e3o\u00a0"}]},{"@type":"WebSite","@id":"https:\/\/stradamob.com\/home\/#website","url":"https:\/\/stradamob.com\/home\/","name":"Strada Mod","description":"Solu\u00e7\u00f5es em transporte.","publisher":{"@id":"https:\/\/stradamob.com\/home\/#organization"},"potentialAction":[{"@type":"SearchAction","target":{"@type":"EntryPoint","urlTemplate":"https:\/\/stradamob.com\/home\/?s={search_term_string}"},"query-input":{"@type":"PropertyValueSpecification","valueRequired":true,"valueName":"search_term_string"}}],"inLanguage":"pt-BR"},{"@type":"Organization","@id":"https:\/\/stradamob.com\/home\/#organization","name":"Strada Mod","url":"https:\/\/stradamob.com\/home\/","logo":{"@type":"ImageObject","inLanguage":"pt-BR","@id":"https:\/\/stradamob.com\/home\/#\/schema\/logo\/image\/","url":"https:\/\/stradamob.com\/home\/wp-content\/uploads\/2025\/08\/android-chrome-512x512-1.png","contentUrl":"https:\/\/stradamob.com\/home\/wp-content\/uploads\/2025\/08\/android-chrome-512x512-1.png","width":512,"height":512,"caption":"Strada Mod"},"image":{"@id":"https:\/\/stradamob.com\/home\/#\/schema\/logo\/image\/"}},{"@type":"Person","@id":"https:\/\/stradamob.com\/home\/#\/schema\/person\/9e1b208ad20eac4aced2dbc5db6c95fe","name":"stradamob","image":{"@type":"ImageObject","inLanguage":"pt-BR","@id":"https:\/\/stradamob.com\/home\/wp-content\/litespeed\/avatar\/5fad99d439f90edc1eb2042219ccc819.jpg?ver=1787844632","url":"https:\/\/stradamob.com\/home\/wp-content\/litespeed\/avatar\/5fad99d439f90edc1eb2042219ccc819.jpg?ver=1787844632","contentUrl":"https:\/\/stradamob.com\/home\/wp-content\/litespeed\/avatar\/5fad99d439f90edc1eb2042219ccc819.jpg?ver=1787844632","caption":"stradamob"},"url":"https:\/\/stradamob.com\/home\/author\/stradamob\/"}]}},"_links":{"self":[{"href":"https:\/\/stradamob.com\/home\/wp-json\/wp\/v2\/posts\/870","targetHints":{"allow":["GET"]}}],"collection":[{"href":"https:\/\/stradamob.com\/home\/wp-json\/wp\/v2\/posts"}],"about":[{"href":"https:\/\/stradamob.com\/home\/wp-json\/wp\/v2\/types\/post"}],"author":[{"embeddable":true,"href":"https:\/\/stradamob.com\/home\/wp-json\/wp\/v2\/users\/2"}],"replies":[{"embeddable":true,"href":"https:\/\/stradamob.com\/home\/wp-json\/wp\/v2\/comments?post=870"}],"version-history":[{"count":1,"href":"https:\/\/stradamob.com\/home\/wp-json\/wp\/v2\/posts\/870\/revisions"}],"predecessor-version":[{"id":871,"href":"https:\/\/stradamob.com\/home\/wp-json\/wp\/v2\/posts\/870\/revisions\/871"}],"wp:featuredmedia":[{"embeddable":true,"href":"https:\/\/stradamob.com\/home\/wp-json\/wp\/v2\/media\/873"}],"wp:attachment":[{"href":"https:\/\/stradamob.com\/home\/wp-json\/wp\/v2\/media?parent=870"}],"wp:term":[{"taxonomy":"category","embeddable":true,"href":"https:\/\/stradamob.com\/home\/wp-json\/wp\/v2\/categories?post=870"},{"taxonomy":"post_tag","embeddable":true,"href":"https:\/\/stradamob.com\/home\/wp-json\/wp\/v2\/tags?post=870"}],"curies":[{"name":"wp","href":"https:\/\/api.w.org\/{rel}","templated":true}]}}